{"id":3516,"date":"2016-11-14T19:12:43","date_gmt":"2016-11-14T17:12:43","guid":{"rendered":"http:\/\/www.ttc-darmstadt.de\/?p=3516"},"modified":"2016-11-15T15:59:33","modified_gmt":"2016-11-15T13:59:33","slug":"neues-vereinslogo","status":"publish","type":"post","link":"https:\/\/www.ttc-darmstadt.de\/blog\/neues-vereinslogo\/","title":{"rendered":"Neues Vereinslogo"},"content":{"rendered":"<p>P\u00fcnktlich vor dem 50-j\u00e4hrigen Vereinsjubil\u00e4um im n\u00e4chsten Jahr kann der 1.TTC Darmstadt sein neues Vereinslogo pr\u00e4sentieren, was ab sofort das alte ersetzt. Wichtig bei der Gestaltung des Logos war, dass die Sportart wie auch die Verbindung zu Darmstadt direkt erkennbar ist. Auch das Gr\u00fcndungsjahr ist im neuen Logo festgehalten. Dabei erstrahlt es in verschiedenen frischen Blaut\u00f6nen.<\/p>\n<p>Entworfen wurde das Logo von der Fa. YUNIQ Grafikdesign in Darmstadt.<\/p>\n<p><a href=\"http:\/\/www.ttc-darmstadt.de\/wp-content\/uploads\/TTC-Logo_blau.jpg\"><img loading=\"lazy\" decoding=\"async\" class=\"alignnone wp-image-3528 size-medium\" src=\"http:\/\/www.ttc-darmstadt.de\/wp-content\/uploads\/TTC-Logo_blau-300x300.jpg\" alt=\"ttc-logo_blau\" width=\"300\" height=\"300\" srcset=\"https:\/\/www.ttc-darmstadt.de\/blog\/wp-content\/uploads\/TTC-Logo_blau-300x300.jpg 300w, https:\/\/www.ttc-darmstadt.de\/blog\/wp-content\/uploads\/TTC-Logo_blau-150x150.jpg 150w, https:\/\/www.ttc-darmstadt.de\/blog\/wp-content\/uploads\/TTC-Logo_blau-768x768.jpg 768w, https:\/\/www.ttc-darmstadt.de\/blog\/wp-content\/uploads\/TTC-Logo_blau-644x644.jpg 644w, https:\/\/www.ttc-darmstadt.de\/blog\/wp-content\/uploads\/TTC-Logo_blau.jpg 1491w\" sizes=\"auto, (max-width: 300px) 100vw, 300px\" \/><\/a><\/p>\n","protected":false},"excerpt":{"rendered":"<p>P\u00fcnktlich vor dem 50-j\u00e4hrigen Vereinsjubil\u00e4um im n\u00e4chsten Jahr kann der 1.TTC Darmstadt sein neues Vereinslogo pr\u00e4sentieren, was ab sofort das alte ersetzt. Wichtig bei der Gestaltung des Logos war, dass [&hellip;]<\/p>\n","protected":false},"author":11,"featured_media":3539,"comment_status":"closed","ping_status":"closed","sticky":false,"template":"","format":"standard","meta":{"ngg_post_thumbnail":0,"footnotes":""},"categories":[3,1,5],"tags":[],"class_list":["post-3516","post","type-post","status-publish","format-standard","has-post-thumbnail","hentry","category-nachwuchs","category-verein","category-wettkampf"],"_links":{"self":[{"href":"https:\/\/www.ttc-darmstadt.de\/blog\/wp-json\/wp\/v2\/posts\/3516","targetHints":{"allow":["GET"]}}],"collection":[{"href":"https:\/\/www.ttc-darmstadt.de\/blog\/wp-json\/wp\/v2\/posts"}],"about":[{"href":"https:\/\/www.ttc-darmstadt.de\/blog\/wp-json\/wp\/v2\/types\/post"}],"author":[{"embeddable":true,"href":"https:\/\/www.ttc-darmstadt.de\/blog\/wp-json\/wp\/v2\/users\/11"}],"replies":[{"embeddable":true,"href":"https:\/\/www.ttc-darmstadt.de\/blog\/wp-json\/wp\/v2\/comments?post=3516"}],"version-history":[{"count":5,"href":"https:\/\/www.ttc-darmstadt.de\/blog\/wp-json\/wp\/v2\/posts\/3516\/revisions"}],"predecessor-version":[{"id":3543,"href":"https:\/\/www.ttc-darmstadt.de\/blog\/wp-json\/wp\/v2\/posts\/3516\/revisions\/3543"}],"wp:featuredmedia":[{"embeddable":true,"href":"https:\/\/www.ttc-darmstadt.de\/blog\/wp-json\/wp\/v2\/media\/3539"}],"wp:attachment":[{"href":"https:\/\/www.ttc-darmstadt.de\/blog\/wp-json\/wp\/v2\/media?parent=3516"}],"wp:term":[{"taxonomy":"category","embeddable":true,"href":"https:\/\/www.ttc-darmstadt.de\/blog\/wp-json\/wp\/v2\/categories?post=3516"},{"taxonomy":"post_tag","embeddable":true,"href":"https:\/\/www.ttc-darmstadt.de\/blog\/wp-json\/wp\/v2\/tags?post=3516"}],"curies":[{"name":"wp","href":"https:\/\/api.w.org\/{rel}","templated":true}]}}