{"id":3499,"date":"2016-11-06T19:32:14","date_gmt":"2016-11-06T17:32:14","guid":{"rendered":"http:\/\/www.ttc-darmstadt.de\/?p=3499"},"modified":"2016-11-11T14:39:36","modified_gmt":"2016-11-11T12:39:36","slug":"lennart-lortz-dritter-im-doppel-bei-den-bem","status":"publish","type":"post","link":"https:\/\/www.ttc-darmstadt.de\/blog\/lennart-lortz-dritter-im-doppel-bei-den-bem\/","title":{"rendered":"Lennart Lortz Dritter im Doppel bei den BEM"},"content":{"rendered":"<p>Bei den heutigen Bezirkseinzelmeisterschaften des Nachwuchses in Bergen-Enkheim war der TTC durch Nachwuchsspieler Lennart Lortz bei den A-Sch\u00fclern vertreten. Im Einzel lief es leider nicht so gut wie erhofft. Er belegte mit einer 1:2 Bilanz den dritten Platz in einer Vierer-Gruppe und verpasste somit den Einzug in die K.O.-Runde knapp. Im Doppel lief es wesentlich besser. Hier k\u00e4mpfte er sich mit Doppelpartner Linus M\u00fcller (DJK Blau-Wei\u00df M\u00fcnster) bis ins Halbfinale vor, wo sie in einem engen Spiel mit 1:3 unterlagen. Somit stand am Ende trotzdem ein sehr guter dritter Platz im Doppel zu Buche.<\/p>\n","protected":false},"excerpt":{"rendered":"<p>Bei den heutigen Bezirkseinzelmeisterschaften des Nachwuchses in Bergen-Enkheim war der TTC durch Nachwuchsspieler Lennart Lortz bei den A-Sch\u00fclern vertreten. Im Einzel lief es leider nicht so gut wie erhofft. Er [&hellip;]<\/p>\n","protected":false},"author":11,"featured_media":3440,"comment_status":"closed","ping_status":"closed","sticky":false,"template":"","format":"standard","meta":{"ngg_post_thumbnail":0,"footnotes":""},"categories":[3,53,5],"tags":[],"class_list":["post-3499","post","type-post","status-publish","format-standard","has-post-thumbnail","hentry","category-nachwuchs","category-turnier","category-wettkampf"],"_links":{"self":[{"href":"https:\/\/www.ttc-darmstadt.de\/blog\/wp-json\/wp\/v2\/posts\/3499","targetHints":{"allow":["GET"]}}],"collection":[{"href":"https:\/\/www.ttc-darmstadt.de\/blog\/wp-json\/wp\/v2\/posts"}],"about":[{"href":"https:\/\/www.ttc-darmstadt.de\/blog\/wp-json\/wp\/v2\/types\/post"}],"author":[{"embeddable":true,"href":"https:\/\/www.ttc-darmstadt.de\/blog\/wp-json\/wp\/v2\/users\/11"}],"replies":[{"embeddable":true,"href":"https:\/\/www.ttc-darmstadt.de\/blog\/wp-json\/wp\/v2\/comments?post=3499"}],"version-history":[{"count":2,"href":"https:\/\/www.ttc-darmstadt.de\/blog\/wp-json\/wp\/v2\/posts\/3499\/revisions"}],"predecessor-version":[{"id":3501,"href":"https:\/\/www.ttc-darmstadt.de\/blog\/wp-json\/wp\/v2\/posts\/3499\/revisions\/3501"}],"wp:featuredmedia":[{"embeddable":true,"href":"https:\/\/www.ttc-darmstadt.de\/blog\/wp-json\/wp\/v2\/media\/3440"}],"wp:attachment":[{"href":"https:\/\/www.ttc-darmstadt.de\/blog\/wp-json\/wp\/v2\/media?parent=3499"}],"wp:term":[{"taxonomy":"category","embeddable":true,"href":"https:\/\/www.ttc-darmstadt.de\/blog\/wp-json\/wp\/v2\/categories?post=3499"},{"taxonomy":"post_tag","embeddable":true,"href":"https:\/\/www.ttc-darmstadt.de\/blog\/wp-json\/wp\/v2\/tags?post=3499"}],"curies":[{"name":"wp","href":"https:\/\/api.w.org\/{rel}","templated":true}]}}