{"id":3469,"date":"2016-09-21T15:46:04","date_gmt":"2016-09-21T13:46:04","guid":{"rendered":"http:\/\/www.ttc-darmstadt.de\/?p=3469"},"modified":"2016-09-21T15:46:45","modified_gmt":"2016-09-21T13:46:45","slug":"dritte-mueht-sich-zum-ersten-sieg-in-neuer-liga","status":"publish","type":"post","link":"https:\/\/www.ttc-darmstadt.de\/blog\/dritte-mueht-sich-zum-ersten-sieg-in-neuer-liga\/","title":{"rendered":"Dritte m\u00fcht sich zum ersten Punkt in neuer Liga"},"content":{"rendered":"<p>Die in die Kreisliga aufgestiegene dritte Mannschaft hat nach der Heimniederlage gegen Darmstadt nun gegen Seeheim den ersten Punkt (8:8, 34:32) eingefahren.<\/p>\n<p>Die Seeheimer, welche freundlicherweise\u00a0einer\u00a0Terminverlegung zustimmten,\u00a0traten wie der TTC schon das zweite Mal mit Ersatzspielern an. Die neu gebildeten Doppel des TTC sind zwar bereits auf Augenh\u00f6he mit den ligaetablierten Gegnern, erneut verloren aber Frank S.\/Thomas und Frank R.\/Marc jeweils knapp im F\u00fcnften. Es punkteten Sch\u00f6pf und Schmidt als Doppel 3.<\/p>\n<p>Nach 2 Wochen Tischtennispause m\u00fchte sich Thomas zum Sieg gegen den Langnoppe-&#8222;k\u00e4mpfer&#8220; Hartmann, w\u00e4hrend Frank S. kein passendes Mittel gegen Giese fand. Als dann auch in der Mitte Frank R. und Marc ihren Gegner unterlegen waren, wussten wir, dass es ein l\u00e4ngerer Abend werden k\u00f6nnte. Das Aufholen des 2:5-R\u00fcckstandes begann aber direkt im Anschluss mit dem an diesem Abend verlustpunktfreien hinteren Paarkreuz. Zusammen mit den souver\u00e4neren zweiten Auftritten der Mitte gingen wir sogar mit 8:7 ins Schlussdoppel.<\/p>\n<p>Die Vorzeichen standen nicht so gut. Frank war von seinem bisherigen Auftreten entt\u00e4uscht und Thomas musste\u00a0seine Aufregung vom Vorspiel wegen Uneinigkeit \u00fcber die Korrektheit\u00a0einzelner Aufschl\u00e4ge in den Griff bekommen. Au\u00dferdem behinderten ihn H\u00fcftschmerzen nach dem Ausrutschen auf einer Umrandung im Spiel gegen Hartmann. Der folgende souver\u00e4ne Satzgewinn machte aber Mut. Etwas ungl\u00fccklich, aber auch \u00fcberhastet gaben wir im zweiten Satz eine 9:5-F\u00fchrung aus der Hand und waren den dann sicher spielenden Doppel Giese\/Ro\u00dfmann in en letzen beiden S\u00e4tzen deutlich unterlegen.<\/p>\n<p>Im Kampf um den Klassenerhalt w\u00e4re ein Sieg hilfreicher gewesen, aber nach dem fr\u00fchen R\u00fcckstand muss man damit zufrieden sein. Au\u00dferdem ist bei allen Spielern Luft noch oben, um auch st\u00e4rkeren Gegner Punkte abnehmen zu k\u00f6nnen.<\/p>\n","protected":false},"excerpt":{"rendered":"<p>Die in die Kreisliga aufgestiegene dritte Mannschaft hat nach der Heimniederlage gegen Darmstadt nun gegen Seeheim den ersten Punkt (8:8, 34:32) eingefahren. Die Seeheimer, welche freundlicherweise\u00a0einer\u00a0Terminverlegung zustimmten,\u00a0traten wie der TTC [&hellip;]<\/p>\n","protected":false},"author":2,"featured_media":3318,"comment_status":"open","ping_status":"closed","sticky":false,"template":"","format":"standard","meta":{"ngg_post_thumbnail":0,"footnotes":""},"categories":[17,5],"tags":[190,63,11,201],"class_list":["post-3469","post","type-post","status-publish","format-standard","has-post-thumbnail","hentry","category-mannschaft3","category-wettkampf","tag-190","tag-kreisliga","tag-ttc3","tag-tv-seeheim-ii"],"_links":{"self":[{"href":"https:\/\/www.ttc-darmstadt.de\/blog\/wp-json\/wp\/v2\/posts\/3469","targetHints":{"allow":["GET"]}}],"collection":[{"href":"https:\/\/www.ttc-darmstadt.de\/blog\/wp-json\/wp\/v2\/posts"}],"about":[{"href":"https:\/\/www.ttc-darmstadt.de\/blog\/wp-json\/wp\/v2\/types\/post"}],"author":[{"embeddable":true,"href":"https:\/\/www.ttc-darmstadt.de\/blog\/wp-json\/wp\/v2\/users\/2"}],"replies":[{"embeddable":true,"href":"https:\/\/www.ttc-darmstadt.de\/blog\/wp-json\/wp\/v2\/comments?post=3469"}],"version-history":[{"count":2,"href":"https:\/\/www.ttc-darmstadt.de\/blog\/wp-json\/wp\/v2\/posts\/3469\/revisions"}],"predecessor-version":[{"id":3471,"href":"https:\/\/www.ttc-darmstadt.de\/blog\/wp-json\/wp\/v2\/posts\/3469\/revisions\/3471"}],"wp:featuredmedia":[{"embeddable":true,"href":"https:\/\/www.ttc-darmstadt.de\/blog\/wp-json\/wp\/v2\/media\/3318"}],"wp:attachment":[{"href":"https:\/\/www.ttc-darmstadt.de\/blog\/wp-json\/wp\/v2\/media?parent=3469"}],"wp:term":[{"taxonomy":"category","embeddable":true,"href":"https:\/\/www.ttc-darmstadt.de\/blog\/wp-json\/wp\/v2\/categories?post=3469"},{"taxonomy":"post_tag","embeddable":true,"href":"https:\/\/www.ttc-darmstadt.de\/blog\/wp-json\/wp\/v2\/tags?post=3469"}],"curies":[{"name":"wp","href":"https:\/\/api.w.org\/{rel}","templated":true}]}}