{"id":3417,"date":"2016-09-08T20:54:34","date_gmt":"2016-09-08T18:54:34","guid":{"rendered":"http:\/\/www.ttc-darmstadt.de\/?p=3417"},"modified":"2016-09-19T09:39:49","modified_gmt":"2016-09-19T07:39:49","slug":"1-herren-muehsamer-sieg-zum-saisonauftakt","status":"publish","type":"post","link":"https:\/\/www.ttc-darmstadt.de\/blog\/1-herren-muehsamer-sieg-zum-saisonauftakt\/","title":{"rendered":"1.Herren &#8211; M\u00fchsamer Sieg zum Saisonauftakt"},"content":{"rendered":"<p><strong>Erste Herrenmannschaft erreicht ersten Sieg in Saison 16\/17 in Eberstadt<\/strong><\/p>\n<p>Einen ersten Sieg konnte die erste Herrenmannschaft des 1. TTC Darmstadt beim SV Eberstadt II verbuchen. Allerdings gestaltete sich das erste Saisonspiel erheblich z\u00e4her als erwartet.<\/p>\n<p>Dabei begann es eigentlich sehr vielversprechend. Da beide Mannschaften auf den jeweiligen Spitzenspieler verzichten mussten, wurden auch die Doppel durcheinander gewirbelt. Auf TTC-Seite gelang dies jedoch scheinbar deutlich besser. Debus\/Rapp, Ohnacker\/H\u00fctig und Grau\/Wimmer konnten jeweils ihr Doppel gewinnen und so stand es 0:3 f\u00fcr den TTC. Auch Neuzugang Janis Debus konnte gleich sein erstes Einzel gegen Hans Grimm \u00a0f\u00fcr sich entscheiden, w\u00e4hrend Maximilian Rapp nie so richtig ins Spiel kam und schlie\u00dflich in 5 S\u00e4tzen gegen Uwe R\u00f6hl verlor. Roland Ohnacker konnte sich nach verlorenem ersten Satz sich deutlich steigern und schlie\u00dflich sein erstes Einzel gegen Uriel Andres Mora Nunez gewinnen, w\u00e4hrend Carsten Grau sein Spiel mit 2:3 gegen Michael Schwarzer abgab. Ein ganz enges Match war es zwischen dem zweiten Neuzugang beim TTC Stephan H\u00fctig gegen Theodore Nicol. 11:9 im f\u00fcnften Satz hie\u00df es am Schluss f\u00fcr den Eberst\u00e4dter. Horst Wimmer machte es besser und besiegte Uwe Heinisch klar mit 3:0. Im oberen Paarkreuz konnte Maximilian Rapp sich freispielen und gegen Hans Grimm einen letztlich klaren 3:1-Sieg einfahren. Ebenfalls mit 3:1 und \u00a0am Ende auch souver\u00e4n gewann Janis Debus auch sein zweites Match. Roland Ohnacker konnte zwar den neunten Punkt noch nicht heimbringen, er verlor 2:3 gegen Michael Schwarzer, aber Carsten Grau gewann gegen Mora Nunez in 4 S\u00e4tzen. Somit war der 4:9 Endstand zugunsten der G\u00e4ste des TTC Darmstadt hergestellt.<\/p>\n<p>Um in knapp zwei Wochen beim zweiten Saisonspiel gegen die Meisterschafts-Favoriten aus Einhausen bestehen zu k\u00f6nnen, ist allerdings eine erhebliche Leistungssteigerung notwendig. Das Spiel findet am 16.09.16 um 20 Uhr in eigener Halle statt.<\/p>\n<p>ein Beitrag von Horst Wimmer<\/p>\n","protected":false},"excerpt":{"rendered":"<p>Erste Herrenmannschaft erreicht ersten Sieg in Saison 16\/17 in Eberstadt Einen ersten Sieg konnte die erste Herrenmannschaft des 1. TTC Darmstadt beim SV Eberstadt II verbuchen. Allerdings gestaltete sich das [&hellip;]<\/p>\n","protected":false},"author":11,"featured_media":3444,"comment_status":"closed","ping_status":"closed","sticky":false,"template":"","format":"standard","meta":{"ngg_post_thumbnail":0,"footnotes":""},"categories":[15,5],"tags":[],"class_list":["post-3417","post","type-post","status-publish","format-standard","has-post-thumbnail","hentry","category-mannschaft1","category-wettkampf"],"_links":{"self":[{"href":"https:\/\/www.ttc-darmstadt.de\/blog\/wp-json\/wp\/v2\/posts\/3417","targetHints":{"allow":["GET"]}}],"collection":[{"href":"https:\/\/www.ttc-darmstadt.de\/blog\/wp-json\/wp\/v2\/posts"}],"about":[{"href":"https:\/\/www.ttc-darmstadt.de\/blog\/wp-json\/wp\/v2\/types\/post"}],"author":[{"embeddable":true,"href":"https:\/\/www.ttc-darmstadt.de\/blog\/wp-json\/wp\/v2\/users\/11"}],"replies":[{"embeddable":true,"href":"https:\/\/www.ttc-darmstadt.de\/blog\/wp-json\/wp\/v2\/comments?post=3417"}],"version-history":[{"count":2,"href":"https:\/\/www.ttc-darmstadt.de\/blog\/wp-json\/wp\/v2\/posts\/3417\/revisions"}],"predecessor-version":[{"id":3419,"href":"https:\/\/www.ttc-darmstadt.de\/blog\/wp-json\/wp\/v2\/posts\/3417\/revisions\/3419"}],"wp:featuredmedia":[{"embeddable":true,"href":"https:\/\/www.ttc-darmstadt.de\/blog\/wp-json\/wp\/v2\/media\/3444"}],"wp:attachment":[{"href":"https:\/\/www.ttc-darmstadt.de\/blog\/wp-json\/wp\/v2\/media?parent=3417"}],"wp:term":[{"taxonomy":"category","embeddable":true,"href":"https:\/\/www.ttc-darmstadt.de\/blog\/wp-json\/wp\/v2\/categories?post=3417"},{"taxonomy":"post_tag","embeddable":true,"href":"https:\/\/www.ttc-darmstadt.de\/blog\/wp-json\/wp\/v2\/tags?post=3417"}],"curies":[{"name":"wp","href":"https:\/\/api.w.org\/{rel}","templated":true}]}}