{"id":3343,"date":"2016-07-22T15:12:17","date_gmt":"2016-07-22T13:12:17","guid":{"rendered":"http:\/\/www.ttc-darmstadt.de\/?p=3343"},"modified":"2016-07-22T15:12:17","modified_gmt":"2016-07-22T13:12:17","slug":"training-in-den-sommer-ferien-2016","status":"publish","type":"post","link":"https:\/\/www.ttc-darmstadt.de\/blog\/training-in-den-sommer-ferien-2016\/","title":{"rendered":"Training in den Sommer-Ferien 2016"},"content":{"rendered":"<p>F\u00fcr die Sommerferien hat sich der Vorstand dazu entschlossen auf Grund der sehr guten Trainingsbeteiligung die Halle durchg\u00e4ngig zu \u00f6ffnen.<\/p>\n<p>Dienstags und freitags k\u00f6nnen die Erwachsenen von 19:30 &#8211; 22 Uhr trainieren. Gastspieler anderer Vereine sind willkommen, sofern es unbesetzte Tische gibt; Vermeiden m\u00f6chten wir, dass TTC-Mitglieder l\u00e4ngere Zeit auf freie Tische warten m\u00fcssen, die von Gast-Spielern besetzt sind.<\/p>\n<p>Unser Nachwuchs kann in den letzten\u00a02 Wochen der Sommerferien (15.08.-28.08.)\u00a0ebenfalls zu den gewohnten Zeiten trainieren. Zus\u00e4tzlich kann in der vierten Ferienwoche (08.08.-14.08.) dienstags\u00a017:30-19:30 Uhr (offenes Training f\u00fcr alle, Anf\u00e4nger und Fortgeschrittene) und\u00a0freitags von 16:00-17:30 Uhr (Anf\u00e4ngertraining) bzw 17:30-19:30 Uhr (Fortgeschrittenentraining) trainiert werden.<\/p>\n","protected":false},"excerpt":{"rendered":"<p>F\u00fcr die Sommerferien hat sich der Vorstand dazu entschlossen auf Grund der sehr guten Trainingsbeteiligung die Halle durchg\u00e4ngig zu \u00f6ffnen. Dienstags und freitags k\u00f6nnen die Erwachsenen von 19:30 &#8211; 22 [&hellip;]<\/p>\n","protected":false},"author":2,"featured_media":0,"comment_status":"open","ping_status":"closed","sticky":false,"template":"","format":"standard","meta":{"ngg_post_thumbnail":0,"footnotes":""},"categories":[3,166,1],"tags":[197,164,44],"class_list":["post-3343","post","type-post","status-publish","format-standard","hentry","category-nachwuchs","category-training","category-verein","tag-ferien","tag-sommerferien","tag-training"],"_links":{"self":[{"href":"https:\/\/www.ttc-darmstadt.de\/blog\/wp-json\/wp\/v2\/posts\/3343","targetHints":{"allow":["GET"]}}],"collection":[{"href":"https:\/\/www.ttc-darmstadt.de\/blog\/wp-json\/wp\/v2\/posts"}],"about":[{"href":"https:\/\/www.ttc-darmstadt.de\/blog\/wp-json\/wp\/v2\/types\/post"}],"author":[{"embeddable":true,"href":"https:\/\/www.ttc-darmstadt.de\/blog\/wp-json\/wp\/v2\/users\/2"}],"replies":[{"embeddable":true,"href":"https:\/\/www.ttc-darmstadt.de\/blog\/wp-json\/wp\/v2\/comments?post=3343"}],"version-history":[{"count":1,"href":"https:\/\/www.ttc-darmstadt.de\/blog\/wp-json\/wp\/v2\/posts\/3343\/revisions"}],"predecessor-version":[{"id":3344,"href":"https:\/\/www.ttc-darmstadt.de\/blog\/wp-json\/wp\/v2\/posts\/3343\/revisions\/3344"}],"wp:attachment":[{"href":"https:\/\/www.ttc-darmstadt.de\/blog\/wp-json\/wp\/v2\/media?parent=3343"}],"wp:term":[{"taxonomy":"category","embeddable":true,"href":"https:\/\/www.ttc-darmstadt.de\/blog\/wp-json\/wp\/v2\/categories?post=3343"},{"taxonomy":"post_tag","embeddable":true,"href":"https:\/\/www.ttc-darmstadt.de\/blog\/wp-json\/wp\/v2\/tags?post=3343"}],"curies":[{"name":"wp","href":"https:\/\/api.w.org\/{rel}","templated":true}]}}