{"id":3340,"date":"2016-07-13T22:54:15","date_gmt":"2016-07-13T20:54:15","guid":{"rendered":"http:\/\/www.ttc-darmstadt.de\/?p=3340"},"modified":"2016-07-14T07:46:22","modified_gmt":"2016-07-14T05:46:22","slug":"vereinsmeisterschaften-2016","status":"publish","type":"post","link":"https:\/\/www.ttc-darmstadt.de\/blog\/vereinsmeisterschaften-2016\/","title":{"rendered":"Vereinsmeisterschaften 2016"},"content":{"rendered":"<p><span style=\"font-weight: 400\">Der 1. TTC Darmstadt hat seine Vereinsmeister 2016 ermittelt. Aufgrund der Nichtverf\u00fcgbarkeit unserer Halle im Januar fanden die Vereinsmeisterschaften dieses Jahr ausnahmsweise im Juni und Juli statt. Hierbei wurden am 3. Juni die Vereinmeister im Herren-Doppel, im Mixed-Doppel sowie Damen-Einzel und am 10. Juli der Vereinsmeister im Herren-Einzel ermittelt.<\/span><\/p>\n<p><span style=\"font-weight: 400\">Mit 11 teilnehmenden Herren-Doppeln konnte am 3. Juni ein neuer Teilnehmerrekord aufgestellt werden. Zu Beginn wurde in zwei nach QTTR-Werten gesetzten und gelosten Gruppen Jeder gegen Jeden gespielt. In der Sechsergruppe konnte sich das Doppel Pierre G\u00f6rner \/ Peter Franz ungeschlagen gegen das Doppel Patrick Doll \/ Maximilian Rapp, welche gegen ebenjene eine Begegnung verloren, durchsetzen. In der zweiten Gruppe spielte das Doppel Hans J\u00fcrgen Sch\u00f6pf \/ Berndt Mengler stark auf und konnte sich ungeschlagen den ersten Platz in der Gruppe sichern. Platz 2 in der zweiten Gruppe ging an Carsten Grau und Wolfgang Wie\u00dfler, die sich mit teilweis knappen Spielen mit einer Niederlage auf Platz 2.<\/span><\/p>\n<p><span style=\"font-weight: 400\">In den Halbfinalspielen konnten sich zuerst Doll \/ Rapp gegen Sch\u00f6pf \/ Mengler mit 3:1 durchsetzen und somit das Finale erreichen. Grau \/ Wie\u00dfler spielten stark gegen die bis dahin ungeschlagenen G\u00f6rner \/ Franz auf und konnten das zweite Halbfinale mit 3:0 f\u00fcr sich entscheiden. Das Endspiel war dann hart umk\u00e4mpft. In einem spannenden Spiel konnte das Doppel Doll \/ Rapp zum ersten Mal in dieser Konstellation nach drei knappen S\u00e4tzen den Titel feiern.<\/span><\/p>\n<p><span style=\"font-weight: 400\">Am gleichen Abend wurde noch die Konkurrenz bei den Damen ausgetragen. Hier traten mit Kirsten Wellhausen und Yvonne Sch\u00e4fer zwei Spielerinnen unseres Vereines an. Die einzige Partie und somit gleichzeitig das Endspiel dieser Konkurrenz konnte Yvonne Sch\u00e4fer mit 3:1 f\u00fcr sich entscheiden. Yvonne wurde damit zum sechsten Mal hintereinander Vereinsmeisterin des 1. TTC Darmstadt.<\/span><\/p>\n<p><span style=\"font-weight: 400\">In der Mixed-Konkurrenz gewann das Doppel Yvonne Sch\u00e4fer \/ Wolfram Sch\u00e4fer nach 2015 zum zweiten Mal in Folge den Vereinsmeistertitel. Im Endspiel mussten sich hier Kirsten Wellhausen und J\u00fcrgen Modler geschlagen geben.<\/span><\/p>\n<p><span style=\"font-weight: 400\">Am Sonntag, den 10.07. fand dann die Entscheidung bei den Herren-Einzeln statt. Mit 21 Startern war das Feld in den letzten Jahren durchaus schon gr\u00f6\u00dfer &#8211; aber es sollte an diesem Tag \u00fcber 30 Grad hei\u00df werden. Dies hat m\u00f6glicherweise den einen oder anderen Spieler von einer Teilnahme am Turnier abgehalten.<\/span><\/p>\n<p><span style=\"font-weight: 400\">Die Vorrunde bei den Herren-Einzeln wurde in vier Gruppen ausgespielt. Die Gruppensieger und Zweitplatzierten qualifizierten sich dann f\u00fcr die anschlie\u00dfende KO-Runde. Im Halbfinale trafen dann Pierre G\u00f6rner und Horst Wimmer sowie Patrick Doll und Carsten Grau aufeinander. Der Vorjahressieger Wolfgang Wie\u00dfler erwischte keinen guten Tag und schied im Viertelfinale aus. Pierre G\u00f6rner setzte sich mit einem deutlichen 3:0 Sieg gegen Horst Wimmer durch. Carsten Grau gewann gegen Patrick Doll in einem \u00e4u\u00dferst knappen Spiel mit 3:2 und 19:17 im f\u00fcnften Satz.<\/span><\/p>\n<p><span style=\"font-weight: 400\">Im Endspiel konnte Pierre G\u00f6rner die ersten beiden S\u00e4tze f\u00fcr sich entscheiden. Allerdings wurde es nochmal eng und Carsten konnte Pierre noch in den f\u00fcnften Satz zwingen. Hier konnte Pierre sich allerdings am Ende verdient mit 11:8 durchsetzen und sich somit zum ersten Mal den Vereinsmeistertitel bei den Herren sichern.<\/span><\/p>\n<p><span style=\"font-weight: 400\">Wir gratulieren unserer Vereinsmeisterin und unseren Vereinsmeistern!<\/span><\/p>\n<p><span style=\"font-weight: 400\">Damen-Einzel: <\/span> <span style=\"font-weight: 400\">1. Yvonne Sch\u00e4fer, 2.\u00a0<\/span>Kirsten Wellhausen<\/p>\n<p><span style=\"font-weight: 400\">Mixed-Doppel: <\/span> <span style=\"font-weight: 400\">1. Yvonne Sch\u00e4fer \/ Wolfram Sch\u00e4fer, 2.\u00a0<\/span>Kirsten Wellhausen \/ J\u00fcrgen Modler<\/p>\n<p><span style=\"font-weight: 400\">Herren-Doppel: <\/span> <span style=\"font-weight: 400\">1. Patrick Doll \/ Maximilian Rapp, 2.\u00a0<\/span>Carsten Grau \/ Wolfgang Wie\u00dfler, 3.\u00a0Pierre G\u00f6rner \/ Peter Franz<\/p>\n<p><span style=\"font-weight: 400\">Herren-Einzel:<\/span> <span style=\"font-weight: 400\">1. Pierre G\u00f6rner, 2.\u00a0<\/span>Carsten Grau, 3.\u00a0Patrick Doll \/ Horst Wimmer<\/p>\n<p><span style=\"font-weight: 400\">Bilder folgen noch&#8230;<\/span><\/p>\n","protected":false},"excerpt":{"rendered":"<p>Der 1. TTC Darmstadt hat seine Vereinsmeister 2016 ermittelt. Aufgrund der Nichtverf\u00fcgbarkeit unserer Halle im Januar fanden die Vereinsmeisterschaften dieses Jahr ausnahmsweise im Juni und Juli statt. Hierbei wurden am [&hellip;]<\/p>\n","protected":false},"author":10,"featured_media":2213,"comment_status":"closed","ping_status":"closed","sticky":false,"template":"","format":"standard","meta":{"ngg_post_thumbnail":0,"footnotes":""},"categories":[53,1,5],"tags":[32],"class_list":["post-3340","post","type-post","status-publish","format-standard","has-post-thumbnail","hentry","category-turnier","category-verein","category-wettkampf","tag-vereinsmeisterschaften"],"_links":{"self":[{"href":"https:\/\/www.ttc-darmstadt.de\/blog\/wp-json\/wp\/v2\/posts\/3340","targetHints":{"allow":["GET"]}}],"collection":[{"href":"https:\/\/www.ttc-darmstadt.de\/blog\/wp-json\/wp\/v2\/posts"}],"about":[{"href":"https:\/\/www.ttc-darmstadt.de\/blog\/wp-json\/wp\/v2\/types\/post"}],"author":[{"embeddable":true,"href":"https:\/\/www.ttc-darmstadt.de\/blog\/wp-json\/wp\/v2\/users\/10"}],"replies":[{"embeddable":true,"href":"https:\/\/www.ttc-darmstadt.de\/blog\/wp-json\/wp\/v2\/comments?post=3340"}],"version-history":[{"count":1,"href":"https:\/\/www.ttc-darmstadt.de\/blog\/wp-json\/wp\/v2\/posts\/3340\/revisions"}],"predecessor-version":[{"id":3341,"href":"https:\/\/www.ttc-darmstadt.de\/blog\/wp-json\/wp\/v2\/posts\/3340\/revisions\/3341"}],"wp:featuredmedia":[{"embeddable":true,"href":"https:\/\/www.ttc-darmstadt.de\/blog\/wp-json\/wp\/v2\/media\/2213"}],"wp:attachment":[{"href":"https:\/\/www.ttc-darmstadt.de\/blog\/wp-json\/wp\/v2\/media?parent=3340"}],"wp:term":[{"taxonomy":"category","embeddable":true,"href":"https:\/\/www.ttc-darmstadt.de\/blog\/wp-json\/wp\/v2\/categories?post=3340"},{"taxonomy":"post_tag","embeddable":true,"href":"https:\/\/www.ttc-darmstadt.de\/blog\/wp-json\/wp\/v2\/tags?post=3340"}],"curies":[{"name":"wp","href":"https:\/\/api.w.org\/{rel}","templated":true}]}}