{"id":3284,"date":"2016-04-29T09:23:18","date_gmt":"2016-04-29T07:23:18","guid":{"rendered":"http:\/\/www.ttc-darmstadt.de\/?p=3284"},"modified":"2016-07-07T15:38:33","modified_gmt":"2016-07-07T13:38:33","slug":"neuzugaenge-beim-1-ttc-darmstadt","status":"publish","type":"post","link":"https:\/\/www.ttc-darmstadt.de\/blog\/neuzugaenge-beim-1-ttc-darmstadt\/","title":{"rendered":"Neuzug\u00e4nge beim 1. TTC Darmstadt!"},"content":{"rendered":"<p>Wir begr\u00fc\u00dfen ganz herzlich unsere bisherigen Neuzug\u00e4nge f\u00fcr die neue Verbandsrunde und w\u00fcnschen viel Spa\u00df und viel Erfolg in und mit unserem\u00a0Verein.<\/p>\n<p><u>Im Nachwuchsbereich:<\/u><\/p>\n<p><strong>Lennart Lortz und David Lortz (TTC Otzberg); f\u00fcr Jugend, Bezirksoberliga<br \/>\nSilas Eufinger (SV St. Stephan); f\u00fcr Jugend, Bezirksoberliga<\/strong><\/p>\n<p><u>Bei den Herren:<\/u><\/p>\n<p><strong>Stephan H\u00fctig (TTC MJK Herten), Janis Debus (TV 1862 Biedenkopf); f\u00fcr Herren 1, Bezirksklasse, <\/strong><br \/>\n<strong>Frank Speckhardt (Gr\u00fcn-Wei\u00df Darmstadt), Frank Rein (TG Bessungen); f\u00fcr Herren 3, Kreisliga <\/strong><br \/>\n<strong>Sebastian R\u00fchl (SC Herford); f\u00fcr Herren <\/strong><\/p>\n","protected":false},"excerpt":{"rendered":"<p>Wir begr\u00fc\u00dfen ganz herzlich unsere bisherigen Neuzug\u00e4nge f\u00fcr die neue Verbandsrunde und w\u00fcnschen viel Spa\u00df und viel Erfolg in und mit unserem\u00a0Verein. Im Nachwuchsbereich: Lennart Lortz und David Lortz (TTC [&hellip;]<\/p>\n","protected":false},"author":2,"featured_media":2220,"comment_status":"closed","ping_status":"closed","sticky":false,"template":"","format":"standard","meta":{"ngg_post_thumbnail":0,"footnotes":""},"categories":[166,5],"tags":[190,189,196,154],"class_list":["post-3284","post","type-post","status-publish","format-standard","has-post-thumbnail","hentry","category-training","category-wettkampf","tag-190","tag-neuzugaenge","tag-wechsel","tag-zugaenge"],"_links":{"self":[{"href":"https:\/\/www.ttc-darmstadt.de\/blog\/wp-json\/wp\/v2\/posts\/3284","targetHints":{"allow":["GET"]}}],"collection":[{"href":"https:\/\/www.ttc-darmstadt.de\/blog\/wp-json\/wp\/v2\/posts"}],"about":[{"href":"https:\/\/www.ttc-darmstadt.de\/blog\/wp-json\/wp\/v2\/types\/post"}],"author":[{"embeddable":true,"href":"https:\/\/www.ttc-darmstadt.de\/blog\/wp-json\/wp\/v2\/users\/2"}],"replies":[{"embeddable":true,"href":"https:\/\/www.ttc-darmstadt.de\/blog\/wp-json\/wp\/v2\/comments?post=3284"}],"version-history":[{"count":5,"href":"https:\/\/www.ttc-darmstadt.de\/blog\/wp-json\/wp\/v2\/posts\/3284\/revisions"}],"predecessor-version":[{"id":3337,"href":"https:\/\/www.ttc-darmstadt.de\/blog\/wp-json\/wp\/v2\/posts\/3284\/revisions\/3337"}],"wp:featuredmedia":[{"embeddable":true,"href":"https:\/\/www.ttc-darmstadt.de\/blog\/wp-json\/wp\/v2\/media\/2220"}],"wp:attachment":[{"href":"https:\/\/www.ttc-darmstadt.de\/blog\/wp-json\/wp\/v2\/media?parent=3284"}],"wp:term":[{"taxonomy":"category","embeddable":true,"href":"https:\/\/www.ttc-darmstadt.de\/blog\/wp-json\/wp\/v2\/categories?post=3284"},{"taxonomy":"post_tag","embeddable":true,"href":"https:\/\/www.ttc-darmstadt.de\/blog\/wp-json\/wp\/v2\/tags?post=3284"}],"curies":[{"name":"wp","href":"https:\/\/api.w.org\/{rel}","templated":true}]}}