{"id":3147,"date":"2016-02-01T11:02:07","date_gmt":"2016-02-01T09:02:07","guid":{"rendered":"http:\/\/www.ttc-darmstadt.de\/?p=3147"},"modified":"2016-02-08T16:43:29","modified_gmt":"2016-02-08T14:43:29","slug":"ttc-ab-05-02-zurueck-in-alter-halle","status":"publish","type":"post","link":"https:\/\/www.ttc-darmstadt.de\/blog\/ttc-ab-05-02-zurueck-in-alter-halle\/","title":{"rendered":"TTC ab 05.02. zur\u00fcck in alter Halle"},"content":{"rendered":"<p>Nachdem die Umbau- und Renovierungen in der Turnhalle der Friedrich-Ebert-Grundschule weitestgehend abgeschlossen sind, kehrt der 1. TTC Darmstadt am <strong>Freitag, 05.02.2016<\/strong> zur\u00fcck in seine angestammte Turnhalle.<!--more--><\/p>\n<p><a href=\"http:\/\/www.ttc-darmstadt.de\/wp-content\/uploads\/neueHalle2.jpg\" rel=\"attachment wp-att-3197\"><img loading=\"lazy\" decoding=\"async\" class=\"alignleft size-medium wp-image-3197\" src=\"http:\/\/www.ttc-darmstadt.de\/wp-content\/uploads\/neueHalle2-300x225.jpg\" alt=\"neueHalle\" width=\"300\" height=\"225\" srcset=\"https:\/\/www.ttc-darmstadt.de\/blog\/wp-content\/uploads\/neueHalle2-300x225.jpg 300w, https:\/\/www.ttc-darmstadt.de\/blog\/wp-content\/uploads\/neueHalle2-135x100.jpg 135w, https:\/\/www.ttc-darmstadt.de\/blog\/wp-content\/uploads\/neueHalle2.jpg 640w\" sizes=\"auto, (max-width: 300px) 100vw, 300px\" \/><\/a>Obwohl wir durch viele Vereine Unterst\u00fctzung erhielten, zu allererst sei hier die TG Bessungen aber auch die SG Arheilgen genannt, endet damit auch eine Zeit der Einschr\u00e4nkungen. Viele unserer Trainingskinder konnten nur noch ein mal pro Woche traineren, manche gar nicht. Dies macht sich leider auch darin bemerkbar, dass Trainingsfortschritte gering waren. Mit einer guten Hallenverf\u00fcgbarkeit und besseren Trainingszeiten, k\u00f6nnen wir nun aber wieder ausreichend \u00dcbungsm\u00f6glichkeiten anbieten, um den R\u00fcckstand aufzuholen.<\/p>\n<p>Auch f\u00fcr die Erwachsenen gibt es nun mehr M\u00f6glichkeiten und eine optisch schon mal sehr gelungene Halle. Der Clubheimbetrieb und die Geselligkeit k\u00f6nnen nun wieder auf gewohntes Ma\u00df steigen. Wir freuen uns darauf unser G\u00e4ste nach dem Punktspiel wieder zur Auswertung und St\u00e4rkung begr\u00fc\u00dfen zu k\u00f6nnen.<\/p>\n<p>Die Ger\u00e4tschaften sind am Sonnabend bereits durch Wolfgang, Horst, Yvonne und Wolfram zur\u00fcck in die Materialgarage gebracht worden. Und die Tische sind frisch geputzt.<\/p>\n<p>Der Eingang wird, solange die Treppe am Eingang gegen\u00fcber des Clubheims noch fertigstellt wird, \u00fcber den oberen Hofe der Schule (&#8222;von hinten&#8220;)\u00a0erfolgen. Wolfgang wird uns am Freitag einweisen \ud83d\ude42<\/p>\n<p>Bitte auch beachten: am MIttwoch und Donnerstag, <strong>03.02. und 04.02<\/strong>. ist die<strong> Lichtenberghalle<\/strong> wegen einem Schulkonzert f\u00fcr uns <strong>nicht verf\u00fcgbar<\/strong>.<\/p>\n<p>&nbsp;<\/p>\n<p>Hier auch nochmal die Nachricht unseres Vorsitzenden:<\/p>\n<p>Liebe Vereinsmitglieder,<\/p>\n<p>unsere Wartezeit hat ein Ende. Wir kehren ab dem 5. Februar 2016, nach 10-monatiger Sanierung, in die Turnhalle der Friedrich-Ebert-Schule zur\u00fcck.\u00a0Die Eingangstreppe ist zwar noch nicht fertiggestellt und somit m\u00fcssen wir noch (eine hoffentlich kurze Zeit) von der anderen Seite in die Turnhalle. Der Eingang wird von unserem Clubheimparkplatz \u00fcber das gro\u00dfe Tor durch den Unterhof der Schule erreichbar sein.\u00a0An dieser Stelle m\u00f6chte ich mich im Namen des Vorstandes bei allen Mitgliedern und auch den Eltern unserer Kid\u00b4s ganz herzlich f\u00fcr die Unterst\u00fctzung, aber auch f\u00fcr das gro\u00dfe Verst\u00e4ndnis, bedanken. Es war keine leichte Zeit, da wir \u00f6fters Ausfallzeiten in der Lichtenberghalle hatten und es auch nicht immer leicht war eine Turnhalle f\u00fcr die Heimspiele zu finden.\u00a0Andere Vereine haben uns hier sehr geholfen. An erster Stelle m\u00fcssen wir uns bei der TG Bessungen bedanken, aber auch die SG Arheilgen, Blau-Gelb Darmstadt und die Lilien standen uns zur\u00a0Seite und das war nicht selbstverst\u00e4ndlich. Deshalb habe ich mich bei allen Vereinen schon pers\u00f6nlich bedankt und auch ein kleines Geschenk unseres Vereins \u00fcberreicht.\u00a0Wir werden jetzt viele Trainingszeiten haben (mehr als vor der Sanierung). Die Halle ist nicht mehr wiederzuerkennen und ich pers\u00f6nlich freue mich sehr, dass es bei uns jetzt wieder geordneter und planbarer zugehen wird. Gerade der Nachwuchs hatte doch gro\u00dfe Einbu\u00dfen an Trainingszeiten hinzunehmen.\u00a0Ich werde jetzt\u00a0nachfolgend alle Trainingszeiten auflisten, weise aber auch darauf hin, dass unser Jugendleiter Max Tippmann auch noch eine weitere Info verschicken wird, damit alle Kids wissen, zu welcher Zeit das Training dann stattfinden wird.\u00a0Montags:20:30 Uhr bis 22:30 Uhr Training der Damen und Herren\u00a0Dienstags:16:00 Uhr bis 19:30 Uhr Training Nachwuchs (zeitliche Verteilung durch die Jugendleitung)19:30 Uhr bis 22:00 Uhr Training Damen und Herren\u00a0Mittwochs:17:30 Uhr bis 19:30 Uhr Training Nachwuchs (zeitliche Verteilung durch die Jugendleitung)19:30 Uhr bis 22:00 Uhr Training und Spieltag Damen und Herren\u00a0Donnerstags:19:30 Uhr bis 22:00 Uhr Training und Spieltag Damen und Herren\u00a0Freitags: 14:30 Uhr bis 16:00 Uhr wir f\u00fchren die Schul-AG der Friedrich-Ebert-Schule durch16:00 Uhr bis 19:30 Uhr Training Nachwuchs (zeitliche Verteilung durch die Jugendleitung)19:30 Uhr bis 22:00 Uhr Training und Spieltag Damen und Herren\u00a0Samstags (w\u00e4hrend der Verbandsrunde):10:00 Uhr bis 18:00 Uhr Verbandsspiele Nachwuchs18:00 Uhr bis 20:30 Uhr Ausweichspieltag Damen und Herren\u00a0Sonntags:nach Bedarf werden Termine angemeldet\u00a0\u00a0Damit alle wissen wann die Spiele der R\u00fcckrunde sind habe ich Euch als Anlage den Vereinsspielplan angeh\u00e4ngt.\u00a0Eine ganz wichtige Information f\u00fcr alle:Der neue Hallenboden darf nur mit sauberen Hallenschuhen betreten werden, die auch nicht schon vorher\u00a0auf der Stra\u00dfe getragen wurden. Alle Trainer und\u00a0Vorstandsmitglieder werden das genauestens \u00fcberwachen (Schuhkontrolle). Wer keine Hallenschuhe dabei hat kann maximal noch barfuss spielen.\u00a0Wie in allen anderen neuen Hallen ist auch das Essen in der Turnhalle nicht mehr gestattet, in der Umkleide aber schon. Beim Trinken ist Wasser erlaubt, aber alle anderen Getr\u00e4nke bitte mehr nicht in die Halle mitbringen (oder halt Umkleide).\u00a0Bitte geht auch beim Auf- bzw. Abbau oder beim Verschieben der Tischtennistische vorsichtig vor, damit der neue Boden keinen Schaden nimmt.\u00a0Am Dienstag dieser Woche findet das Damen- und Herrentraining noch bei der TG Bessungen von 20 bis 22 Uhr statt. Mittwoch und Donnerstag ist die Lichtenberghalle, wegen Eigenbedarfs der Schule, leider geschlossen.\u00a0Wir hoffen, dass nat\u00fcrlich auch die Au\u00dfenanlage des Clubheims, die doch durch die Bauarbeiten etwas in Mitleidenschaft gezogen wurde, bald wieder in einem sch\u00f6nen Zustand sein wird.\u00a0In diesem Sinne w\u00fcnsche ich Euch viel Spass in der neuen Turnhalle und allen Spielerinnen und Spielern noch ganz viel Erfolg in der laufenden Verbandsrunde.<\/p>\n<p>Viele Gr\u00fc\u00dfe\u00a0Wolfram Sch\u00e4fer1<\/p>\n","protected":false},"excerpt":{"rendered":"<p>Nachdem die Umbau- und Renovierungen in der Turnhalle der Friedrich-Ebert-Grundschule weitestgehend abgeschlossen sind, kehrt der 1. TTC Darmstadt am Freitag, 05.02.2016 zur\u00fcck in seine angestammte Turnhalle.<\/p>\n","protected":false},"author":2,"featured_media":3211,"comment_status":"closed","ping_status":"closed","sticky":false,"template":"","format":"standard","meta":{"ngg_post_thumbnail":0,"footnotes":""},"categories":[166,1,5],"tags":[179,68],"class_list":["post-3147","post","type-post","status-publish","format-standard","has-post-thumbnail","hentry","category-training","category-verein","category-wettkampf","tag-renovierung","tag-turnhalle"],"_links":{"self":[{"href":"https:\/\/www.ttc-darmstadt.de\/blog\/wp-json\/wp\/v2\/posts\/3147","targetHints":{"allow":["GET"]}}],"collection":[{"href":"https:\/\/www.ttc-darmstadt.de\/blog\/wp-json\/wp\/v2\/posts"}],"about":[{"href":"https:\/\/www.ttc-darmstadt.de\/blog\/wp-json\/wp\/v2\/types\/post"}],"author":[{"embeddable":true,"href":"https:\/\/www.ttc-darmstadt.de\/blog\/wp-json\/wp\/v2\/users\/2"}],"replies":[{"embeddable":true,"href":"https:\/\/www.ttc-darmstadt.de\/blog\/wp-json\/wp\/v2\/comments?post=3147"}],"version-history":[{"count":9,"href":"https:\/\/www.ttc-darmstadt.de\/blog\/wp-json\/wp\/v2\/posts\/3147\/revisions"}],"predecessor-version":[{"id":3203,"href":"https:\/\/www.ttc-darmstadt.de\/blog\/wp-json\/wp\/v2\/posts\/3147\/revisions\/3203"}],"wp:featuredmedia":[{"embeddable":true,"href":"https:\/\/www.ttc-darmstadt.de\/blog\/wp-json\/wp\/v2\/media\/3211"}],"wp:attachment":[{"href":"https:\/\/www.ttc-darmstadt.de\/blog\/wp-json\/wp\/v2\/media?parent=3147"}],"wp:term":[{"taxonomy":"category","embeddable":true,"href":"https:\/\/www.ttc-darmstadt.de\/blog\/wp-json\/wp\/v2\/categories?post=3147"},{"taxonomy":"post_tag","embeddable":true,"href":"https:\/\/www.ttc-darmstadt.de\/blog\/wp-json\/wp\/v2\/tags?post=3147"}],"curies":[{"name":"wp","href":"https:\/\/api.w.org\/{rel}","templated":true}]}}