{"id":3013,"date":"2015-12-01T16:33:27","date_gmt":"2015-12-01T14:33:27","guid":{"rendered":"http:\/\/www.ttc-darmstadt.de\/?p=3013"},"modified":"2015-12-09T15:56:28","modified_gmt":"2015-12-09T13:56:28","slug":"ttc-iii-vergibt-chance-auf-tabellefuehrung-und-bleibt-doch-im-rennen","status":"publish","type":"post","link":"https:\/\/www.ttc-darmstadt.de\/blog\/ttc-iii-vergibt-chance-auf-tabellefuehrung-und-bleibt-doch-im-rennen\/","title":{"rendered":"TTC III vergibt Chance auf Tabellenf\u00fchrung und bleibt doch im Rennen"},"content":{"rendered":"<p>Am Freitag, 27.11.2015 hat die dritte Mannschaft das Spitzenspiel in der 1. Kreisklasse zu deutlich mit 3:9 verloren und ist auf Rang 3 zur\u00fcck gerutscht.<\/p>\n<p>Im Vergleich zum starken Sieg gegen den TTC-Pfungstadt trat der TTC ohne Stephan Messinesis, daf\u00fcr mit Ersatzmann Wolfgang Schmidt an. Dieser konnte auch einen Punkt im Doppel beisteuern, verlor nach aber nach 0:2-R\u00fcckstand im f\u00fcnften Satz gegen den ligaweit erfolgreichen Thomas R\u00f6hrer.<\/p>\n<p>Unsere Doppel 2 und 3 unterlagen jeweils knapp im f\u00fcnften Satz.<\/p>\n<p>Im Einzel punkteten leider nur Thomas Eichhorn gegen den an eins gesetzten Materialspieler Adrian Flinterhoff und erwartungsgem\u00e4\u00df auch Philipp Czechowski gegen Martin Ebli. Dem erfolgreichsten Spieler der Liga unterlag Berndt Mengler nur knapp im F\u00fcnften. Keinen guten Tag erwischte Hans-J\u00fcrgen Sch\u00f6pf und auch Lukas Laux punktete gegen den st\u00e4rkeren\u00a0Lim nicht.<\/p>\n<p>Der Autor meint, dass beim Gast viele Aufschl\u00e4ge &#8211; bewusst oder unbewusst &#8211; nicht zweifelsfrei regelgerecht waren. Da die Durchsetzung der Aufschlagregel momentan noch regelm\u00e4\u00dfig zu schlechter Stimmung f\u00fchren w\u00fcrde, wurde wie immer darauf verzichtet. Hinzu kommt, dass auch von\u00a0unserer Seite aus, gelegentlich ein falscher Aufschlag gespielt wurde.<\/p>\n<p>Obwohl Griesheim verdient gewonnen hat, w\u00e4re mit etwas mehr Gl\u00fcck ein deutlich knapperes Resultat m\u00f6glich gewesen. Die Dritte wird sich davon aber nicht weiter beirren lassen und glaubt an ihre Aufstiegschance. Die \u00fcberraschende Niederlage des TTC Pfungstadt gegen Aufsteiger H\u00e4hnlein III lie\u00df den Aufstiegskonkurrenten wieder hinter den 1.\u00a0TTC Darmstadt fallen.<\/p>\n","protected":false},"excerpt":{"rendered":"<p>Am Freitag, 27.11.2015 hat die dritte Mannschaft das Spitzenspiel in der 1. Kreisklasse zu deutlich mit 3:9 verloren und ist auf Rang 3 zur\u00fcck gerutscht. Im Vergleich zum starken Sieg [&hellip;]<\/p>\n","protected":false},"author":2,"featured_media":3049,"comment_status":"closed","ping_status":"closed","sticky":false,"template":"","format":"standard","meta":{"ngg_post_thumbnail":0,"footnotes":""},"categories":[5],"tags":[57,152,87,11],"class_list":["post-3013","post","type-post","status-publish","format-standard","has-post-thumbnail","hentry","category-wettkampf","tag-1-kreisklasse","tag-152","tag-sv-st-stephan-1952-griesheim-iii","tag-ttc3"],"_links":{"self":[{"href":"https:\/\/www.ttc-darmstadt.de\/blog\/wp-json\/wp\/v2\/posts\/3013","targetHints":{"allow":["GET"]}}],"collection":[{"href":"https:\/\/www.ttc-darmstadt.de\/blog\/wp-json\/wp\/v2\/posts"}],"about":[{"href":"https:\/\/www.ttc-darmstadt.de\/blog\/wp-json\/wp\/v2\/types\/post"}],"author":[{"embeddable":true,"href":"https:\/\/www.ttc-darmstadt.de\/blog\/wp-json\/wp\/v2\/users\/2"}],"replies":[{"embeddable":true,"href":"https:\/\/www.ttc-darmstadt.de\/blog\/wp-json\/wp\/v2\/comments?post=3013"}],"version-history":[{"count":4,"href":"https:\/\/www.ttc-darmstadt.de\/blog\/wp-json\/wp\/v2\/posts\/3013\/revisions"}],"predecessor-version":[{"id":3018,"href":"https:\/\/www.ttc-darmstadt.de\/blog\/wp-json\/wp\/v2\/posts\/3013\/revisions\/3018"}],"wp:featuredmedia":[{"embeddable":true,"href":"https:\/\/www.ttc-darmstadt.de\/blog\/wp-json\/wp\/v2\/media\/3049"}],"wp:attachment":[{"href":"https:\/\/www.ttc-darmstadt.de\/blog\/wp-json\/wp\/v2\/media?parent=3013"}],"wp:term":[{"taxonomy":"category","embeddable":true,"href":"https:\/\/www.ttc-darmstadt.de\/blog\/wp-json\/wp\/v2\/categories?post=3013"},{"taxonomy":"post_tag","embeddable":true,"href":"https:\/\/www.ttc-darmstadt.de\/blog\/wp-json\/wp\/v2\/tags?post=3013"}],"curies":[{"name":"wp","href":"https:\/\/api.w.org\/{rel}","templated":true}]}}