{"id":2843,"date":"2015-09-20T14:45:53","date_gmt":"2015-09-20T12:45:53","guid":{"rendered":"http:\/\/www.ttc-darmstadt.de\/?p=2843"},"modified":"2015-09-21T11:06:25","modified_gmt":"2015-09-21T09:06:25","slug":"1-mannschaft-startet-mit-einem-sieg-in-die-bezirksklasse","status":"publish","type":"post","link":"https:\/\/www.ttc-darmstadt.de\/blog\/1-mannschaft-startet-mit-einem-sieg-in-die-bezirksklasse\/","title":{"rendered":"1. Mannschaft startet mit einem Sieg in die Bezirksklasse"},"content":{"rendered":"<p>Mit einem 9:6 Sieg ist die erste Herrenmannschaft des 1. TTC Darmstadt am Freitag in die neue Saison 2015\/16 in der Bezirksklasse Gruppe 2 gestartet.<!--more--><img loading=\"lazy\" decoding=\"async\" class=\"size-medium wp-image-2838 alignleft\" src=\"http:\/\/www.ttc-darmstadt.de\/wp-content\/uploads\/TTC-2015_16.jpeg\" alt=\"TTC 2015_16\" width=\"300\" height=\"150\" \/>Zu Gast war dritte Mannschaft des SV Darmstadt 98. Diese war ein Mitabsteiger aus der Bezirksligasaison 2014\/15.<\/p>\n<p>Die Spiele waren eher kampfbetont und gingen h\u00e4ufig bis in den Entscheidungssatz. Martin Heckel konnte mit einem Doppel- und zwei Einzelsiegen als einziger Spieler am Ende ungeschlagen aus der Halle gehen. Einen guten Einstand in seinem ersten Spiel f\u00fcr den 1. TTC\u00a0konnte Maximilian Rapp mit einem Doppel- und einem Einzelsieg feiern.<\/p>\n<p>Insgesamt war die abgerufene sportliche Leistung der 1. Mannschaft noch etwas holperig und l\u00e4\u00dft durchaus noch Luft nach oben. Im n\u00e4chsten Heimspiel am 02.10. erwartet man\u00a0mit Concordia Pfungstadt einen der Meisterschaftsfavoriten\u00a0in der Bezirksklasse. Sp\u00e4testens zu diesem Spiel mu\u00df dann noch eine Schippe drauf gelegt werden&#8230;<\/p>\n<p><a href=\"http:\/\/httv.click-tt.de\/cgi-bin\/WebObjects\/nuLigaTTDE.woa\/wa\/groupMeetingReport?meeting=8194508&amp;championship=B4+15%2F16&amp;group=251180\">Hier geht es zum Spielbericht&#8230;<\/a><\/p>\n","protected":false},"excerpt":{"rendered":"<p>Mit einem 9:6 Sieg ist die erste Herrenmannschaft des 1. TTC Darmstadt am Freitag in die neue Saison 2015\/16 in der Bezirksklasse Gruppe 2 gestartet.<\/p>\n","protected":false},"author":10,"featured_media":2869,"comment_status":"closed","ping_status":"closed","sticky":false,"template":"","format":"standard","meta":{"ngg_post_thumbnail":0,"footnotes":""},"categories":[15,1,5],"tags":[152,70,171,9],"class_list":["post-2843","post","type-post","status-publish","format-standard","has-post-thumbnail","hentry","category-mannschaft1","category-verein","category-wettkampf","tag-152","tag-bezirksklasse","tag-sv-darmstadt-98-iii","tag-ttc1"],"_links":{"self":[{"href":"https:\/\/www.ttc-darmstadt.de\/blog\/wp-json\/wp\/v2\/posts\/2843","targetHints":{"allow":["GET"]}}],"collection":[{"href":"https:\/\/www.ttc-darmstadt.de\/blog\/wp-json\/wp\/v2\/posts"}],"about":[{"href":"https:\/\/www.ttc-darmstadt.de\/blog\/wp-json\/wp\/v2\/types\/post"}],"author":[{"embeddable":true,"href":"https:\/\/www.ttc-darmstadt.de\/blog\/wp-json\/wp\/v2\/users\/10"}],"replies":[{"embeddable":true,"href":"https:\/\/www.ttc-darmstadt.de\/blog\/wp-json\/wp\/v2\/comments?post=2843"}],"version-history":[{"count":14,"href":"https:\/\/www.ttc-darmstadt.de\/blog\/wp-json\/wp\/v2\/posts\/2843\/revisions"}],"predecessor-version":[{"id":2874,"href":"https:\/\/www.ttc-darmstadt.de\/blog\/wp-json\/wp\/v2\/posts\/2843\/revisions\/2874"}],"wp:featuredmedia":[{"embeddable":true,"href":"https:\/\/www.ttc-darmstadt.de\/blog\/wp-json\/wp\/v2\/media\/2869"}],"wp:attachment":[{"href":"https:\/\/www.ttc-darmstadt.de\/blog\/wp-json\/wp\/v2\/media?parent=2843"}],"wp:term":[{"taxonomy":"category","embeddable":true,"href":"https:\/\/www.ttc-darmstadt.de\/blog\/wp-json\/wp\/v2\/categories?post=2843"},{"taxonomy":"post_tag","embeddable":true,"href":"https:\/\/www.ttc-darmstadt.de\/blog\/wp-json\/wp\/v2\/tags?post=2843"}],"curies":[{"name":"wp","href":"https:\/\/api.w.org\/{rel}","templated":true}]}}