{"id":2732,"date":"2015-08-14T13:53:52","date_gmt":"2015-08-14T11:53:52","guid":{"rendered":"http:\/\/www.ttc-darmstadt.de\/?p=2732"},"modified":"2015-09-16T14:26:36","modified_gmt":"2015-09-16T12:26:36","slug":"mit-zeltfreizeit-in-die-sommerferien","status":"publish","type":"post","link":"https:\/\/www.ttc-darmstadt.de\/blog\/mit-zeltfreizeit-in-die-sommerferien\/","title":{"rendered":"Mit Zeltfreizeit in die Sommerferien"},"content":{"rendered":"<p>Am 25.07. 2015 starteten die Sommerferien f\u00fcr 19 Nachwuchsspieler des 1. TTC Darmstadt mit der Fahrt an den Edersee.<!--more--><\/p>\n<p>Obwohl man in einem hei\u00dfen und trockenen Sommer die wohl k\u00e4lteste und nasseste Woche erwischte, beklagte sich keiner lange \u00fcber das Wetter. Nachdem wir einen Lagerplatz bekommen haben, starteten wir mit dem gemeinsamen Zeltaufbau und unterbrachen nur kurz um den Hunger zu stillen.<\/p>\n<p>W\u00e4hrend wir letztes Jahr mit einem Luftmatratzen liebenden Fuchs zu k\u00e4mpfen hatten, war es diesmal der Lagerplatz in Mitten der Partymeile des Zeltplatzes. Zumindest waren die Kinder aber m\u00fcde genug, um trotz lauter Musik schlafen zu k\u00f6nnen.<\/p>\n<p>In den folgenden Tagen unternahmen wir Ausfl\u00fcge in den Kletterwald, auf die Sommerrodelbahn, ins Nationalparkzentrum und schafften es sogar 12 km mit 750 hm im Nationalpark zu wandern, ohne dass ernsthaft gemurrt wurde.<\/p>\n<p><img decoding=\"async\" class=\"alignleft size-full wp-image-2776\" src=\"http:\/\/www.ttc-darmstadt.de\/wp-content\/uploads\/P1200133web.jpg\" alt=\"Geschafft nach 10 km Wanderung: einige Nachwuchsspieler des TTC.\" \/><\/p>\n","protected":false},"excerpt":{"rendered":"<p>Am 25.07. 2015 starteten die Sommerferien f\u00fcr 19 Nachwuchsspieler des 1. TTC Darmstadt mit der Fahrt an den Edersee.<\/p>\n","protected":false},"author":2,"featured_media":2789,"comment_status":"closed","ping_status":"closed","sticky":false,"template":"","format":"standard","meta":{"ngg_post_thumbnail":0,"footnotes":""},"categories":[3,6,1],"tags":[115,110],"class_list":["post-2732","post","type-post","status-publish","format-standard","has-post-thumbnail","hentry","category-nachwuchs","category-termin","category-verein","tag-115","tag-zeltfreizeit"],"_links":{"self":[{"href":"https:\/\/www.ttc-darmstadt.de\/blog\/wp-json\/wp\/v2\/posts\/2732","targetHints":{"allow":["GET"]}}],"collection":[{"href":"https:\/\/www.ttc-darmstadt.de\/blog\/wp-json\/wp\/v2\/posts"}],"about":[{"href":"https:\/\/www.ttc-darmstadt.de\/blog\/wp-json\/wp\/v2\/types\/post"}],"author":[{"embeddable":true,"href":"https:\/\/www.ttc-darmstadt.de\/blog\/wp-json\/wp\/v2\/users\/2"}],"replies":[{"embeddable":true,"href":"https:\/\/www.ttc-darmstadt.de\/blog\/wp-json\/wp\/v2\/comments?post=2732"}],"version-history":[{"count":4,"href":"https:\/\/www.ttc-darmstadt.de\/blog\/wp-json\/wp\/v2\/posts\/2732\/revisions"}],"predecessor-version":[{"id":2774,"href":"https:\/\/www.ttc-darmstadt.de\/blog\/wp-json\/wp\/v2\/posts\/2732\/revisions\/2774"}],"wp:featuredmedia":[{"embeddable":true,"href":"https:\/\/www.ttc-darmstadt.de\/blog\/wp-json\/wp\/v2\/media\/2789"}],"wp:attachment":[{"href":"https:\/\/www.ttc-darmstadt.de\/blog\/wp-json\/wp\/v2\/media?parent=2732"}],"wp:term":[{"taxonomy":"category","embeddable":true,"href":"https:\/\/www.ttc-darmstadt.de\/blog\/wp-json\/wp\/v2\/categories?post=2732"},{"taxonomy":"post_tag","embeddable":true,"href":"https:\/\/www.ttc-darmstadt.de\/blog\/wp-json\/wp\/v2\/tags?post=2732"}],"curies":[{"name":"wp","href":"https:\/\/api.w.org\/{rel}","templated":true}]}}