{"id":2702,"date":"2015-07-22T16:02:06","date_gmt":"2015-07-22T14:02:06","guid":{"rendered":"http:\/\/www.ttc-darmstadt.de\/?p=2702"},"modified":"2015-08-06T22:14:35","modified_gmt":"2015-08-06T20:14:35","slug":"sommerferien-hallenschliessung","status":"publish","type":"post","link":"https:\/\/www.ttc-darmstadt.de\/blog\/sommerferien-hallenschliessung\/","title":{"rendered":"Sommerferien, Hallenschlie\u00dfung, Kreiseinzelmeisterschaften"},"content":{"rendered":"<p>W\u00e4hrend\u00a0der Sommerferien in Hessen schlie\u00dft die Stadt Darmstadt die Lichtenberghalle. Es war uns nur m\u00f6glich in den letzten beiden Ferienwochen wieder Hallenzeiten zu bekommen, sodass <strong>vom 27.07.-21.08.2015 beim TTC kein Training<\/strong>, weder f\u00fcr den Nachwuchs noch f\u00fcr die Erwachsen, stattfinden kann.<\/p>\n<p>Falls ihr dennoch trainieren wollt, informiert euch gegenseitig \u00fcber m\u00f6gliche Ausweichspielorte z.B. in Arheilgen, Erzhausen oder Eberstadt und erkundigt euch nach deren Kapazit\u00e4ten. \u00dcber whatsapp-, skype- und ggf. facebook-Gruppen werden sich sicher Trainingswillige zusammenfinden.<\/p>\n<p>Alternativ m\u00f6chte ich zu \u00dcberbr\u00fcckung und zur Saisonvorbereitung (auch in eigener Sache) schon jetzt Werbung f\u00fcr ein Trainingslager im n\u00e4chsten Jahr machen. Wer Interesse hat ein Wochenende in Grenzau oder eine Woche in Litomerice am Systemtraining teilzunehmen, kann mich im Training ansprechen.<\/p>\n<p>Hingewiesen sei hier noch auf die Kreiseinzelmeisterschaften (KEM) vom 12.-13.09.2015 in Gr\u00e4fenhausen. Der Verein \u00fcbernimmt wie immer Kosten f\u00fcr erreichte Podestpl\u00e4tze.<a href=\"http:\/\/www.ttc-darmstadt.de\/wp-content\/uploads\/Info-KEM-DA-HE2015.pdf\">Info KEM DA-HE2015<\/a><\/p>\n","protected":false},"excerpt":{"rendered":"<p>W\u00e4hrend\u00a0der Sommerferien in Hessen schlie\u00dft die Stadt Darmstadt die Lichtenberghalle. Es war uns nur m\u00f6glich in den letzten beiden Ferienwochen wieder Hallenzeiten zu bekommen, sodass vom 27.07.-21.08.2015 beim TTC kein [&hellip;]<\/p>\n","protected":false},"author":2,"featured_media":0,"comment_status":"open","ping_status":"closed","sticky":false,"template":"","format":"standard","meta":{"ngg_post_thumbnail":0,"footnotes":""},"categories":[3,166,53,1,5],"tags":[165,164],"class_list":["post-2702","post","type-post","status-publish","format-standard","hentry","category-nachwuchs","category-training","category-turnier","category-verein","category-wettkampf","tag-hallenschliessung","tag-sommerferien"],"_links":{"self":[{"href":"https:\/\/www.ttc-darmstadt.de\/blog\/wp-json\/wp\/v2\/posts\/2702","targetHints":{"allow":["GET"]}}],"collection":[{"href":"https:\/\/www.ttc-darmstadt.de\/blog\/wp-json\/wp\/v2\/posts"}],"about":[{"href":"https:\/\/www.ttc-darmstadt.de\/blog\/wp-json\/wp\/v2\/types\/post"}],"author":[{"embeddable":true,"href":"https:\/\/www.ttc-darmstadt.de\/blog\/wp-json\/wp\/v2\/users\/2"}],"replies":[{"embeddable":true,"href":"https:\/\/www.ttc-darmstadt.de\/blog\/wp-json\/wp\/v2\/comments?post=2702"}],"version-history":[{"count":3,"href":"https:\/\/www.ttc-darmstadt.de\/blog\/wp-json\/wp\/v2\/posts\/2702\/revisions"}],"predecessor-version":[{"id":2709,"href":"https:\/\/www.ttc-darmstadt.de\/blog\/wp-json\/wp\/v2\/posts\/2702\/revisions\/2709"}],"wp:attachment":[{"href":"https:\/\/www.ttc-darmstadt.de\/blog\/wp-json\/wp\/v2\/media?parent=2702"}],"wp:term":[{"taxonomy":"category","embeddable":true,"href":"https:\/\/www.ttc-darmstadt.de\/blog\/wp-json\/wp\/v2\/categories?post=2702"},{"taxonomy":"post_tag","embeddable":true,"href":"https:\/\/www.ttc-darmstadt.de\/blog\/wp-json\/wp\/v2\/tags?post=2702"}],"curies":[{"name":"wp","href":"https:\/\/api.w.org\/{rel}","templated":true}]}}