{"id":2466,"date":"2015-06-24T08:02:46","date_gmt":"2015-06-24T06:02:46","guid":{"rendered":"http:\/\/www.ttc-darmstadt.de\/?p=2466"},"modified":"2015-06-24T08:08:57","modified_gmt":"2015-06-24T06:08:57","slug":"vierte-und-fuenfte-mannschaft-jetzt-doch-aufgestiegen","status":"publish","type":"post","link":"https:\/\/www.ttc-darmstadt.de\/blog\/vierte-und-fuenfte-mannschaft-jetzt-doch-aufgestiegen\/","title":{"rendered":"Vierte und f\u00fcnfte Mannschaft jetzt doch aufgestiegen."},"content":{"rendered":"<p>Nachdem unsere Mannschaften in der 2. und 3. Kreisklasse denkbar knapp in der Relegation gescheitert waren, sind sie jetzt doch in die jeweils h\u00f6here Liga einsortiert worden. <!--more-->Der Grund daf\u00fcr ist, dass andere Mannschaften sich aus dem Ligabetrieb zur\u00fcckgezogen oder auf einen Aufstieg nachtr\u00e4glich verzichtet haben.<\/p>\n<p>Die Nachricht wurde im Verein mit Freude aufgenommen, da beide Mannschaften in der h\u00f6heren Liga mithalten k\u00f6nnen sollten.<\/p>\n<p>Hier noch mal die Bilder unserer Relegationsteilnehmer und &#8222;Jetzt-doch-Aufsteiger&#8220;<\/p>\n<p><a href=\"http:\/\/www.ttc-darmstadt.de\/wp-content\/uploads\/TTC4_2015_web.jpg\"><img loading=\"lazy\" decoding=\"async\" class=\"alignleft wp-image-2415\" src=\"http:\/\/www.ttc-darmstadt.de\/wp-content\/uploads\/TTC4_2015_web-300x200.jpg\" alt=\"TTC4_2015_web\" width=\"400\" height=\"267\" srcset=\"https:\/\/www.ttc-darmstadt.de\/blog\/wp-content\/uploads\/TTC4_2015_web-300x200.jpg 300w, https:\/\/www.ttc-darmstadt.de\/blog\/wp-content\/uploads\/TTC4_2015_web.jpg 1000w\" sizes=\"auto, (max-width: 400px) 100vw, 400px\" \/><\/a><a href=\"http:\/\/www.ttc-darmstadt.de\/wp-content\/uploads\/TTC5_2015_web1-e1432219133612.jpg\"><img loading=\"lazy\" decoding=\"async\" class=\"alignleft wp-image-2423\" src=\"http:\/\/www.ttc-darmstadt.de\/wp-content\/uploads\/TTC5_2015_web1-e1432219133612-300x105.jpg\" alt=\"TTC5_2015_web\" width=\"400\" height=\"140\" \/><\/a><\/p>\n<p>&nbsp;<\/p>\n<p>&nbsp;<\/p>\n<p>&nbsp;<\/p>\n<p>&nbsp;<\/p>\n<p>&nbsp;<\/p>\n<p>&nbsp;<\/p>\n<p>&nbsp;<\/p>\n<p>&nbsp;<\/p>\n<p>Damit wird der 1. TTC Darmstadt bei den Erwachsenen in der Saison 2015\/2016 in folgenden Ligen antreten:<\/p>\n<p>Damen: 1. Kreisklasse<\/p>\n<p>I: \u00a0 \u00a0 \u00a0 \u00a0 \u00a0Bezirksklasse, Gruppe 1<\/p>\n<p>II: \u00a0 \u00a0 \u00a0 \u00a0Kreisliga, Gruppe 2<\/p>\n<p>III: \u00a0 \u00a0 \u00a01. Kreisklasse, Gruppe 1<\/p>\n<p>IV: \u00a0 \u00a0 \u00a0 1. Kreisklasse, Gruppe 2<\/p>\n<p>V: \u00a0 \u00a0 \u00a0 \u00a02. Kreisklasse, Gruppe 2<\/p>\n<p>IV: \u00a0 \u00a0 \u00a03. Kreisklasse (4er), Gruppe 1<\/p>\n<p>&nbsp;<\/p>\n<p>&nbsp;<\/p>\n","protected":false},"excerpt":{"rendered":"<p>Nachdem unsere Mannschaften in der 2. und 3. Kreisklasse denkbar knapp in der Relegation gescheitert waren, sind sie jetzt doch in die jeweils h\u00f6here Liga einsortiert worden.<\/p>\n","protected":false},"author":2,"featured_media":2423,"comment_status":"closed","ping_status":"closed","sticky":false,"template":"","format":"standard","meta":{"ngg_post_thumbnail":0,"footnotes":""},"categories":[18,19,1,5],"tags":[152,98],"class_list":["post-2466","post","type-post","status-publish","format-standard","has-post-thumbnail","hentry","category-mannschaft4","category-mannschaft5","category-verein","category-wettkampf","tag-152","tag-aufstieg"],"_links":{"self":[{"href":"https:\/\/www.ttc-darmstadt.de\/blog\/wp-json\/wp\/v2\/posts\/2466","targetHints":{"allow":["GET"]}}],"collection":[{"href":"https:\/\/www.ttc-darmstadt.de\/blog\/wp-json\/wp\/v2\/posts"}],"about":[{"href":"https:\/\/www.ttc-darmstadt.de\/blog\/wp-json\/wp\/v2\/types\/post"}],"author":[{"embeddable":true,"href":"https:\/\/www.ttc-darmstadt.de\/blog\/wp-json\/wp\/v2\/users\/2"}],"replies":[{"embeddable":true,"href":"https:\/\/www.ttc-darmstadt.de\/blog\/wp-json\/wp\/v2\/comments?post=2466"}],"version-history":[{"count":2,"href":"https:\/\/www.ttc-darmstadt.de\/blog\/wp-json\/wp\/v2\/posts\/2466\/revisions"}],"predecessor-version":[{"id":2469,"href":"https:\/\/www.ttc-darmstadt.de\/blog\/wp-json\/wp\/v2\/posts\/2466\/revisions\/2469"}],"wp:featuredmedia":[{"embeddable":true,"href":"https:\/\/www.ttc-darmstadt.de\/blog\/wp-json\/wp\/v2\/media\/2423"}],"wp:attachment":[{"href":"https:\/\/www.ttc-darmstadt.de\/blog\/wp-json\/wp\/v2\/media?parent=2466"}],"wp:term":[{"taxonomy":"category","embeddable":true,"href":"https:\/\/www.ttc-darmstadt.de\/blog\/wp-json\/wp\/v2\/categories?post=2466"},{"taxonomy":"post_tag","embeddable":true,"href":"https:\/\/www.ttc-darmstadt.de\/blog\/wp-json\/wp\/v2\/tags?post=2466"}],"curies":[{"name":"wp","href":"https:\/\/api.w.org\/{rel}","templated":true}]}}