{"id":2437,"date":"2015-05-23T10:06:36","date_gmt":"2015-05-23T08:06:36","guid":{"rendered":"http:\/\/www.ttc-darmstadt.de\/?p=2437"},"modified":"2015-05-23T10:06:36","modified_gmt":"2015-05-23T08:06:36","slug":"90-jahre-gerhard-grochalski","status":"publish","type":"post","link":"https:\/\/www.ttc-darmstadt.de\/blog\/90-jahre-gerhard-grochalski\/","title":{"rendered":"90 Jahre Gerhard Grochalski"},"content":{"rendered":"<p>Etwas versp\u00e4tet ist der Artikel nun auch online. Ich bem\u00fche mich um die Bilder, wie sie im &#8222;Plopp&#8220; erschienen sind:<\/p>\n<p>Wir schreiben Samstag, den 3. Januar 2015 und\u00a0 unser langj\u00e4hriger Sportwart und heutiger Ehrensportwart Gerhard Grochalski\u00a0 wird stolze 90 Jahre alt.<\/p>\n<p>Gerhard Grochalski wurde am 3. Januar 1925 in Danzig geboren. In seinen jungen Jahren hatte er noch nicht viel mit dem Tischtennissport zu tun. Er sah seine sportliche Zukunft beim Handball und in der Leichtathletik. Mit gro\u00dfem Eifer betrieb er diese Sportarten bis zu seiner Milit\u00e4rzeit. Der Zufall des Lebens brachte ihn 1947 nach Darmstadt, wo Gerhard im Darmst\u00e4dter Marienhospital wegen einer Kriegsverletzung\u00a0 behandelt werden musste. Dieser Zufall war wichtig f\u00fcr Gerhard, denn in Darmstadt lernte er eine junge Dame namens Anni kennen, die als Krankenschwester im Marienhospital arbeitete. Sie gefiel ihm auf Anhieb. Da habe ich extra das Thermometer hochgerieben, damit ich nicht so schnell entlassen werde, erz\u00e4hlte er einmal. Es kam was kommen musste, Gerhard heiratete Anni. Als Hochzeitstermin war Anfang Juli 1951 vorgesehen, doch die st\u00e4dtischen \u00c4mter in Darmstadt hatten wegen des \u201eersten\u201c Heinerfestes geschlossen und so musste die Hochzeit auf Ende Juni verlegt werden. Inzwischen sind Gerhard und Anni schon im vierundsechzigsten Ehejahr. Aus der Ehe gingen zwei S\u00f6hne und eine Tochter hervor und\u00a0 es gibt nicht nur vier Enkelkinder sondern sogar schon eine Urenkelin. Darmstadt wurde Gerhards neue Heimat und im Jahre 1961 zog er in sein neues Haus\u00a0 in der noch jungen Heimst\u00e4ttensiedlung. Unseren Verein gab es damals leider noch nicht und so begann Gerhard seine Tischtennislaufbahn beim SV Darmstadt 98. Danach war er beim TUS Griesheim aktiv.\u00a0\u00a0 Am 12. Januar 1967 gr\u00fcndeten einige Tischtennisbegeisterte den 1. TTC Darmstadt und bereits zwei\u00a0 Wochen danach trat Gerhard unserem Verein bei. F\u00fcr diese Entscheidung sind wir Gerhard bis heute dankbar, denn er hat unglaublich viele gute Dinge f\u00fcr unseren Verein getan.<\/p>\n<p>An 5.03.1976 begann seine Funktion\u00e4rslaufbahn in unserem Verein. Gerhard wurde neuer Sportwart. Damit nicht genug, begann er 1982 seine T\u00e4tigkeit im Kreisvorstand. Als Kreisdamenwart und Klassenleiter k\u00fcmmerte er sich in hohem Ma\u00dfe um den Tischtennissport im Kreise und im Besonderen um die Belange der Damenmannschaften.<\/p>\n<p>Aus gesundheitlichen Gr\u00fcnden musste Gerhard 1981 seinen \u201eBarna-Schl\u00e4ger\u201c an den Nagel h\u00e4ngen. Als er 1987 auch seine berufliche Laufbahn als Ingenieur f\u00fcr Maschinen- und Stahlbau beendete, nutzte er die nun gewonnene Zeit immer mehr f\u00fcr den Tischtennissport. Zun\u00e4chst einmal entdeckte er\u00a0 eine neue Leidenschaft- den PC. Durch seine umfangreichen TT-Arbeiten hat sich Gerhard zu einem wahren Spezialisten\u00a0 entwickelt.\u00a0 Auch heute ist der PC f\u00fcr Gerhard noch ein wichtiges Arbeits- und Kommunikationsmittel.<\/p>\n<p>F\u00fcr seine langj\u00e4hrige ehrenamtliche T\u00e4tigkeit im Kreis Darmstadt wurde Gerhard 1993 mit der bronzenen Verdienstnadel des HTTV ausgezeichnet. Dar\u00fcber hinaus wurde er am 13. M\u00e4rz 1989 als verdienter B\u00fcrger der Stadt Darmstadt geehrt.<\/p>\n<p>Bedingt durch die Gebiets- und Verwaltungsreform entstand am 28. Oktober 1993 ein neuer Gro\u00dfkreis. Die Kreise Darmstadt und Dieburg wurden vereint. Dadurch gab es auch einen neuen Kreisvorstand. In diesen wurde Gerhard als Spielleiter West gew\u00e4hlt.<\/p>\n<p>2007 beendete Gerhard auf eigenen Wunsch seine T\u00e4tigkeit als Sportwart unseres Vereins. Er wollte das Amt in j\u00fcngere H\u00e4nde legen und mit Carsten Grau wurde gl\u00fccklicherweise auch ein guter Nachfolger gefunden. Da er in diesem Jahre auch auf 40 Jahre Mitgliedschaft in unserem Verein zur\u00fcckblicken konnte, erhielt er die Ehrennadel in Gold unseres Vereins.\u00a0 Dar\u00fcber hinaus wurde\u00a0 Gerhard im Rahmen der Mitgliederversammlung am 7. Mai 2007 f\u00fcr seine Verdienste rund um den 1. TTC Darmstadt zum Ehrensportwart und Ehrenmitglied unseres Vereins ernannt.<\/p>\n<p>2011 beendete Gerhard auch seine T\u00e4tigkeit im Kreisvorstand. Der Kreis Darmstadt-Dieburg ernannte ihn zum Ehrenvorstandsmitglied und durch den Pr\u00e4sidenten des hessischen Tischtennisverbandes Dr. Norbert Englisch pers\u00f6nlich wurde er am 20. August 2011, im Rahmen eines Sommerfestes unseres Vereins,\u00a0 zum Ehrensportwart des hessischen Tischtennisverbandes ernannt.\u00a0 Eine enorme Auszeichnung. Gerhard hatte in den Jahren zuvor nat\u00fcrlich auch noch alle anderen Ehrungen des hessischen Tischtennisverbandes bis hin zur Ehrennadel mit goldenem Kranz am 28. Juni 2007 bekommen.<\/p>\n<p>Der Brand unseres Vereinsheimes bereicherte das Leben von Gerhard um einen weiteren\u00a0 Meilenstein.\u00a0 Im Jahre\u00a0 1991 brannte es n\u00e4mlich bis auf die Grundmauern nieder. Nach einer kurzen Schockstarre entschloss sich unser Vorstand das Geb\u00e4ude in Eigenhilfe wieder aufzubauen. Von Anfang an\u00a0 war Gerhard immer mit vorn dabei. Trotz seiner Schwerbehinderung lie\u00df er es sich nicht nehmen, als \u201eheimlicher\u201c\u00a0 Chef auf dem Bau daf\u00fcr zu sorgen, dass alles ordentlich gemacht wurde.\u00a0 Mit ca. 2000 Arbeitsstunden hat Gerhard entscheidend dazu beigetragen, dass unser neues Vereinsheim 1997 eingeweiht werden konnte und es bis heute stabil dasteht.<\/p>\n<p>Auch in vielen anderen Institutionen war Gerhard aktiv. Am 31.08.2010 wurde er\u00a0 unter anderem f\u00fcr die 60-j\u00e4hrige Mitgliedschaft beim Schwerbehindertenverband geehrt. Der Arbeitersamariterbund verlieh ihm am 18.05.2012 die Ehrennadel in Silber.<\/p>\n<p>Mit gro\u00dfem Stolz blicken Gerhard und Anni auch auf ihren Gro\u00dfneffen Patrick Franziska, der es schon in jungen Jahres geschafft hat Stammspieler beim deutschen Tischtennis-Rekordmeister Borussia D\u00fcsseldorf und der Nationalmannschaft zu werden.<\/p>\n<p>Durch seine sportliche Einstellung, seine Zuverl\u00e4ssigkeit,\u00a0 aber auch seine Bescheidenheit haben dazu beigetragen, dass sich Gerhard in allen seinen vielen T\u00e4tigkeiten hohe Akzeptanz erworben hat und f\u00fcr viele zum Vorbild wurde. Seine positive Ausstrahlung hat unseren Vorstand auch in schwierigen Situationen immer dazu gebracht, nach L\u00f6sungen zu suchen und niemals aufzugeben.<\/p>\n<p>Seine gr\u00f6\u00dfte Ehrung war am 19. Februar 2003 sicherlich die Verleihung des Bundesverdienstkreuzes. Im hessischen Ministerium in Wiesbaden wurde ihm diese Ehre zuteil. Im Namen des damaligen hessischen Ministerpr\u00e4sidenten Roland Koch wurde die Ehrung durch die langj\u00e4hrige Kultusministerin Karin Wolff durchgef\u00fchrt.<\/p>\n<p>Der 1. TTC Darmstadt bedankt sich an dieser Stelle bei Gerhard Grochalski nochmals ganz herzlich f\u00fcr seine Verdienste um unseren Verein und den Tischtennissport im Allgemeinen. An dieser Stelle danke ich auch seiner Ehefrau\u00a0 ganz herzlich, denn ohne die bedingungslose Unterst\u00fctzung von Anni h\u00e4tte er sich nicht so engagieren k\u00f6nnen.<\/p>\n<p>Ich als Vorsitzender des 1. TTC Darmstadt gratuliere Gerhard, im Namen aller TTC-lerinnen und TTC-ler ganz herzlich zu seinem 90-zigsten Geburtstag und hoffe, dass er sich M\u00fche gibt, damit wir\u00a0 auch noch den 100-sten mit ihm feiern k\u00f6nnen.<\/p>\n<p>Wolfram Sch\u00e4fer, 1. Vorsitzender des 1. TTC Darmstadt<\/p>\n","protected":false},"excerpt":{"rendered":"<p>Etwas versp\u00e4tet ist der Artikel nun auch online. Ich bem\u00fche mich um die Bilder, wie sie im &#8222;Plopp&#8220; erschienen sind: Wir schreiben Samstag, den 3. Januar 2015 und\u00a0 unser langj\u00e4hriger [&hellip;]<\/p>\n","protected":false},"author":2,"featured_media":0,"comment_status":"closed","ping_status":"closed","sticky":false,"template":"","format":"standard","meta":{"ngg_post_thumbnail":0,"footnotes":""},"categories":[1],"tags":[],"class_list":["post-2437","post","type-post","status-publish","format-standard","hentry","category-verein"],"_links":{"self":[{"href":"https:\/\/www.ttc-darmstadt.de\/blog\/wp-json\/wp\/v2\/posts\/2437","targetHints":{"allow":["GET"]}}],"collection":[{"href":"https:\/\/www.ttc-darmstadt.de\/blog\/wp-json\/wp\/v2\/posts"}],"about":[{"href":"https:\/\/www.ttc-darmstadt.de\/blog\/wp-json\/wp\/v2\/types\/post"}],"author":[{"embeddable":true,"href":"https:\/\/www.ttc-darmstadt.de\/blog\/wp-json\/wp\/v2\/users\/2"}],"replies":[{"embeddable":true,"href":"https:\/\/www.ttc-darmstadt.de\/blog\/wp-json\/wp\/v2\/comments?post=2437"}],"version-history":[{"count":1,"href":"https:\/\/www.ttc-darmstadt.de\/blog\/wp-json\/wp\/v2\/posts\/2437\/revisions"}],"predecessor-version":[{"id":2438,"href":"https:\/\/www.ttc-darmstadt.de\/blog\/wp-json\/wp\/v2\/posts\/2437\/revisions\/2438"}],"wp:attachment":[{"href":"https:\/\/www.ttc-darmstadt.de\/blog\/wp-json\/wp\/v2\/media?parent=2437"}],"wp:term":[{"taxonomy":"category","embeddable":true,"href":"https:\/\/www.ttc-darmstadt.de\/blog\/wp-json\/wp\/v2\/categories?post=2437"},{"taxonomy":"post_tag","embeddable":true,"href":"https:\/\/www.ttc-darmstadt.de\/blog\/wp-json\/wp\/v2\/tags?post=2437"}],"curies":[{"name":"wp","href":"https:\/\/api.w.org\/{rel}","templated":true}]}}