{"id":2402,"date":"2015-04-26T19:47:21","date_gmt":"2015-04-26T17:47:21","guid":{"rendered":"http:\/\/www.ttc-darmstadt.de\/?p=2402"},"modified":"2015-06-24T08:08:24","modified_gmt":"2015-06-24T06:08:24","slug":"leon-auch-bei-bezirksminimeisterschaften-erfolgreich","status":"publish","type":"post","link":"https:\/\/www.ttc-darmstadt.de\/blog\/leon-auch-bei-bezirksminimeisterschaften-erfolgreich\/","title":{"rendered":"Leon auch bei Bezirksminimeisterschaften erfolgreich"},"content":{"rendered":"<p>Am 26.4. fanden die Bezirksminimeisterschaften in Gro\u00df-Rohrheim statt. Leon hatte sich \u00fcber den Kreisentscheid f\u00fcr diese Veranstaltung qualifiziert und startete in der Altersklasse der 9- und 10-J\u00e4hrigen.<\/p>\n<p>Als Gruppenzweiter erreichte er mit 2 souver\u00e4nen Siegen und einer Niederlage das Viertelfinale. Hier konnte er sich in einem packenden Match mit 3:1 behaupten und zog ins Halbfinale ein. Hier wartete dann erneut der Sieger seiner Vorrundengruppe. Trotz toller Ballwechsel verlor Leon mit 0:3 gegen den sp\u00e4teren Turniersieger. So belegte er am Ende einen sehr guten dritten Platz und hat sich damit auch sein Ticket f\u00fcr den Verbandsentscheid am 9.5. sichern k\u00f6nnen.<\/p>\n","protected":false},"excerpt":{"rendered":"<p>Am 26.4. fanden die Bezirksminimeisterschaften in Gro\u00df-Rohrheim statt. Leon hatte sich \u00fcber den Kreisentscheid f\u00fcr diese Veranstaltung qualifiziert und startete in der Altersklasse der 9- und 10-J\u00e4hrigen. Als Gruppenzweiter erreichte [&hellip;]<\/p>\n","protected":false},"author":11,"featured_media":0,"comment_status":"closed","ping_status":"closed","sticky":false,"template":"","format":"standard","meta":{"ngg_post_thumbnail":0,"footnotes":""},"categories":[3,1,5],"tags":[115,149,37],"class_list":["post-2402","post","type-post","status-publish","format-standard","hentry","category-nachwuchs","category-verein","category-wettkampf","tag-115","tag-bezirksmeisterschaft","tag-mini-meisterschaft"],"_links":{"self":[{"href":"https:\/\/www.ttc-darmstadt.de\/blog\/wp-json\/wp\/v2\/posts\/2402","targetHints":{"allow":["GET"]}}],"collection":[{"href":"https:\/\/www.ttc-darmstadt.de\/blog\/wp-json\/wp\/v2\/posts"}],"about":[{"href":"https:\/\/www.ttc-darmstadt.de\/blog\/wp-json\/wp\/v2\/types\/post"}],"author":[{"embeddable":true,"href":"https:\/\/www.ttc-darmstadt.de\/blog\/wp-json\/wp\/v2\/users\/11"}],"replies":[{"embeddable":true,"href":"https:\/\/www.ttc-darmstadt.de\/blog\/wp-json\/wp\/v2\/comments?post=2402"}],"version-history":[{"count":1,"href":"https:\/\/www.ttc-darmstadt.de\/blog\/wp-json\/wp\/v2\/posts\/2402\/revisions"}],"predecessor-version":[{"id":2403,"href":"https:\/\/www.ttc-darmstadt.de\/blog\/wp-json\/wp\/v2\/posts\/2402\/revisions\/2403"}],"wp:attachment":[{"href":"https:\/\/www.ttc-darmstadt.de\/blog\/wp-json\/wp\/v2\/media?parent=2402"}],"wp:term":[{"taxonomy":"category","embeddable":true,"href":"https:\/\/www.ttc-darmstadt.de\/blog\/wp-json\/wp\/v2\/categories?post=2402"},{"taxonomy":"post_tag","embeddable":true,"href":"https:\/\/www.ttc-darmstadt.de\/blog\/wp-json\/wp\/v2\/tags?post=2402"}],"curies":[{"name":"wp","href":"https:\/\/api.w.org\/{rel}","templated":true}]}}