{"id":2305,"date":"2015-02-09T11:11:43","date_gmt":"2015-02-09T09:11:43","guid":{"rendered":"http:\/\/www.ttc-darmstadt.de\/?p=2305"},"modified":"2015-02-12T22:03:02","modified_gmt":"2015-02-12T20:03:02","slug":"zweite-mannschaft-mit-formtief","status":"publish","type":"post","link":"https:\/\/www.ttc-darmstadt.de\/blog\/zweite-mannschaft-mit-formtief\/","title":{"rendered":"Zweite Mannschaft mit Formtief"},"content":{"rendered":"<p>Nach der 5:9-Niederlage beim zwischenzeitlichen Tabellenf\u00fchrer\u00a0Blaugelb Darmstadt ist unsere Zweite auf den letzten Platz der R\u00fcckrundentabelle abgerutscht. Entscheidend daf\u00fcr ist vor allem die desastr\u00f6se 1:9\u00a0Bilanz in den Doppeln.<\/p>\n<p>Im Training wird jetzt verst\u00e4rkt das Doppel trainiert werden und die ein oder andere Umstellung wird sich daraus sicher auch ergeben. Obwohl nach der Herbstmeisterschaft der Abstieg sehr unrealistisch ist, m\u00f6chten wir nat\u00fcrlich schnellstm\u00f6glich wieder unsere tats\u00e4chliche Leistung abrufen k\u00f6nnen.<\/p>\n<p>Am Sonntag war man im Halbfinale des Kreispokals gegen den Favoriten SV Eberstadt II mit 1:4 ausgeschieden. \u00dcberaschenderweise war der einzige gewonnene Punkt der des neu formierten Doppels mit Horst und Thomas gegen Schwarzer\/Nicol. W\u00e4hrend Horst und Thomas gut spielten\u00a0aber verloren, wurde Gerhard im warsten Sinne des Wortes nicht richtig warm\u00a0und unterlag mit schlechter Leistung gegen R\u00f6hl. Eberstadt hat im Anschluss auch das Finale gegen Gundernhausen II mit 4:2 gewonnen. Gl\u00fcckwunsch auch an dieser Stelle! Wir haben uns\u00a0mit einem\u00a0gemeinsamen Mittagessen dann in den sonnigen Sonntag verabschiedet. \ud83d\ude42<\/p>\n<p>Ein pers\u00f6nlicher Kommentar zum Spiel bei Blau-Gelb Darmstadt in eigener Sache (ge\u00e4ndert, um den Eindruck der Unsachlichkeit zu vermeiden): Von beiden Mannschaften haben einige Spieler unsportliches und nicht regelgerechtes Verhalten in einem Ausma\u00df an den Tag gelegt, dass es einem fairen Leistungsvergleich aber auch dem \u00fcblichen Miteinander nicht gerecht wird. Zentrales Thema: nicht regelkonforme Aufschl\u00e4ge. In der Folge kam es auch zu einer Beleidigung, welche noch auf eine Entschuldigung wartet.<\/p>\n<p>Wir sollten als TTC vorleben, wie wir uns ein faires Tischtennisspiel vorstellen. Dann haben wir auch die bessere Handhabe, falls mal einer unserer Ligakonkurrenten zu unfairen Mittel greifen sollte.<\/p>\n<p>&nbsp;<\/p>\n","protected":false},"excerpt":{"rendered":"<p>Nach der 5:9-Niederlage beim zwischenzeitlichen Tabellenf\u00fchrer\u00a0Blaugelb Darmstadt ist unsere Zweite auf den letzten Platz der R\u00fcckrundentabelle abgerutscht. Entscheidend daf\u00fcr ist vor allem die desastr\u00f6se 1:9\u00a0Bilanz in den Doppeln. Im Training [&hellip;]<\/p>\n","protected":false},"author":2,"featured_media":0,"comment_status":"open","ping_status":"closed","sticky":false,"template":"","format":"standard","meta":{"ngg_post_thumbnail":0,"footnotes":""},"categories":[16,5],"tags":[112,63,61,117,131],"class_list":["post-2305","post","type-post","status-publish","format-standard","hentry","category-2-mannschaft","category-wettkampf","tag-112","tag-kreisliga","tag-kreispokal","tag-sv-eberstadt-iii","tag-svblau-gelb-darmstadt-i"],"_links":{"self":[{"href":"https:\/\/www.ttc-darmstadt.de\/blog\/wp-json\/wp\/v2\/posts\/2305","targetHints":{"allow":["GET"]}}],"collection":[{"href":"https:\/\/www.ttc-darmstadt.de\/blog\/wp-json\/wp\/v2\/posts"}],"about":[{"href":"https:\/\/www.ttc-darmstadt.de\/blog\/wp-json\/wp\/v2\/types\/post"}],"author":[{"embeddable":true,"href":"https:\/\/www.ttc-darmstadt.de\/blog\/wp-json\/wp\/v2\/users\/2"}],"replies":[{"embeddable":true,"href":"https:\/\/www.ttc-darmstadt.de\/blog\/wp-json\/wp\/v2\/comments?post=2305"}],"version-history":[{"count":3,"href":"https:\/\/www.ttc-darmstadt.de\/blog\/wp-json\/wp\/v2\/posts\/2305\/revisions"}],"predecessor-version":[{"id":2308,"href":"https:\/\/www.ttc-darmstadt.de\/blog\/wp-json\/wp\/v2\/posts\/2305\/revisions\/2308"}],"wp:attachment":[{"href":"https:\/\/www.ttc-darmstadt.de\/blog\/wp-json\/wp\/v2\/media?parent=2305"}],"wp:term":[{"taxonomy":"category","embeddable":true,"href":"https:\/\/www.ttc-darmstadt.de\/blog\/wp-json\/wp\/v2\/categories?post=2305"},{"taxonomy":"post_tag","embeddable":true,"href":"https:\/\/www.ttc-darmstadt.de\/blog\/wp-json\/wp\/v2\/tags?post=2305"}],"curies":[{"name":"wp","href":"https:\/\/api.w.org\/{rel}","templated":true}]}}