{"id":228,"date":"2009-04-25T14:36:55","date_gmt":"2009-04-25T12:36:55","guid":{"rendered":"http:\/\/www.ttc-darmstadt.de\/?p=228"},"modified":"2014-01-23T17:36:38","modified_gmt":"2014-01-23T15:36:38","slug":"ttc-jugendsommerfreizeit-2009","status":"publish","type":"post","link":"https:\/\/www.ttc-darmstadt.de\/blog\/ttc-jugendsommerfreizeit-2009\/","title":{"rendered":"TTC &#8211; Jugendsommerfreizeit 2009"},"content":{"rendered":"<p><!--    @page { size: 21cm 29.7cm; margin: 2cm }   P { margin-bottom: 0.21cm }   A:link { color: #0000ff } --><\/p>\n<p style=\"margin-bottom: 0cm; text-align: left;\"><span style=\"font-family: Arial,sans-serif;\"><span style=\"font-size: x-large;\"><strong>TTC &#8211; Jugendsommerfreizeit 2009<\/strong><\/span><\/span><\/p>\n<p><span style=\"font-family: Arial,sans-serif;\">Auch dieses Jahr haben wir wieder eine Jugendsommerfreizeit geplant. Da es uns letztes Jahr im Vulkangebiet Vogelsberg so gut gefallen hat, wollen wir auch dieses Mal wieder an den Nieder- Mooser- See. Als besonderes hoffentlich Highlight erwartet uns dort das \u201eSeefest\u201c. Mal schauen, was sich dahinter verbirgt\u2026<\/span><\/p>\n<p style=\"margin-bottom: 0cm;\"><span style=\"font-family: Arial,sans-serif;\"><strong>Ort: Campingplatz Nieder-Mooser-See <\/strong><\/span><\/p>\n<p style=\"margin-left: 1.24cm; margin-bottom: 0cm;\"><span style=\"font-family: Arial,sans-serif;\">Es wird auf einem gro\u00dfen Zeltplatz in der N\u00e4he des Sees gecampt. F\u00fcr Spiesen und Getr\u00e4nke sorgen wir selbst. <\/span><span style=\"font-family: Wingdings;\">\uf04a<\/span><\/p>\n<p style=\"margin-bottom: 0cm;\"><span style=\"font-family: Arial,sans-serif;\"><strong>Zeitraum: Mi. 05.08. \u2013 So. 09.08.2009<\/strong><\/span><\/p>\n<p style=\"margin-bottom: 0cm;\"><span style=\"font-family: Arial,sans-serif;\"><strong>Kosten: 80 Euro pro Person <\/strong><\/span><\/p>\n<p style=\"margin-bottom: 0cm;\"><span style=\"font-family: Arial,sans-serif;\">Darin enthalten sind An- und Abfahrt, Zeltplatzmiete f\u00fcr 4 \u00dcbernachtungen, Strom, Duschmarken, Verpflegung f\u00fcr 4 Tage, sonstige Unternehmungen wie z.B. Schwimmbad. D<\/span><span style=\"font-family: Arial,sans-serif;\">ie Fahrt wird in Privatautos organisiert. <\/span><\/p>\n<p style=\"margin-bottom: 0cm;\"><span style=\"font-family: Arial,sans-serif;\"><strong>Die Fahrt ist offen f\u00fcr alle Altersklassen allerdings sollte das Heimweh einigerma\u00dfen im Griff sein.<\/strong><\/span><\/p>\n<p style=\"margin-bottom: 0cm;\"><span style=\"font-family: Arial,sans-serif;\">Alle weiteren Infos wie genaue Abfahrts- und Ankunftsdaten, Was muss mit? und wo schlafe ich eigentlich gibt es auf einem Vortreffen am Dienstag, <\/span><span style=\"font-family: Arial,sans-serif;\"><strong>den 07. Juli 2009<\/strong><\/span><span style=\"font-family: Arial,sans-serif;\"> um 19.45 Uhr im Clubheim des 1. TTC Darmstadt (Heimst\u00e4ttenweg 99c). <\/span><\/p>\n<p style=\"margin-bottom: 0cm;\"><span style=\"font-family: Arial,sans-serif;\">Wir freuen uns auf eine rege Teilnahme und ein paar tolle Tage mit Euch.<\/span><\/p>\n<p style=\"margin-bottom: 0cm;\"><span style=\"font-family: Arial,sans-serif;\">Damit wir besser planen k\u00f6nnen m\u00f6chten wir euch bitten, euch bis zum <\/span><span style=\"font-family: Arial,sans-serif;\"><strong>01.07.2009<\/strong><\/span><span style=\"font-family: Arial,sans-serif;\"> sp\u00e4testens anzumelden. Die beiliegende Anmeldung ist verbindlich. Die Freizeit findet ab 10 Teilnehmern statt. <\/span><\/p>\n<p style=\"margin-bottom: 0cm;\"><span style=\"font-family: Arial,sans-serif;\">Euer Jugendleiterteam<\/span><\/p>\n<p style=\"margin-bottom: 0cm;\"><span style=\"font-family: Arial,sans-serif;\">Ansprechpartner:<\/span><\/p>\n<p style=\"margin-bottom: 0cm;\"><span style=\"font-family: Arial,sans-serif;\">Eva- Lotte Schmidt<\/span><\/p>\n","protected":false},"excerpt":{"rendered":"<p>TTC &#8211; Jugendsommerfreizeit 2009 Auch dieses Jahr haben wir wieder eine Jugendsommerfreizeit geplant. Da es uns letztes Jahr im Vulkangebiet Vogelsberg so gut gefallen hat, wollen wir auch dieses Mal [&hellip;]<\/p>\n","protected":false},"author":2,"featured_media":0,"comment_status":"open","ping_status":"open","sticky":false,"template":"","format":"standard","meta":{"ngg_post_thumbnail":0,"footnotes":""},"categories":[3],"tags":[75,33],"class_list":["post-228","post","type-post","status-publish","format-standard","hentry","category-nachwuchs","tag-75","tag-jugendfreizeit"],"_links":{"self":[{"href":"https:\/\/www.ttc-darmstadt.de\/blog\/wp-json\/wp\/v2\/posts\/228","targetHints":{"allow":["GET"]}}],"collection":[{"href":"https:\/\/www.ttc-darmstadt.de\/blog\/wp-json\/wp\/v2\/posts"}],"about":[{"href":"https:\/\/www.ttc-darmstadt.de\/blog\/wp-json\/wp\/v2\/types\/post"}],"author":[{"embeddable":true,"href":"https:\/\/www.ttc-darmstadt.de\/blog\/wp-json\/wp\/v2\/users\/2"}],"replies":[{"embeddable":true,"href":"https:\/\/www.ttc-darmstadt.de\/blog\/wp-json\/wp\/v2\/comments?post=228"}],"version-history":[{"count":1,"href":"https:\/\/www.ttc-darmstadt.de\/blog\/wp-json\/wp\/v2\/posts\/228\/revisions"}],"predecessor-version":[{"id":1820,"href":"https:\/\/www.ttc-darmstadt.de\/blog\/wp-json\/wp\/v2\/posts\/228\/revisions\/1820"}],"wp:attachment":[{"href":"https:\/\/www.ttc-darmstadt.de\/blog\/wp-json\/wp\/v2\/media?parent=228"}],"wp:term":[{"taxonomy":"category","embeddable":true,"href":"https:\/\/www.ttc-darmstadt.de\/blog\/wp-json\/wp\/v2\/categories?post=228"},{"taxonomy":"post_tag","embeddable":true,"href":"https:\/\/www.ttc-darmstadt.de\/blog\/wp-json\/wp\/v2\/tags?post=228"}],"curies":[{"name":"wp","href":"https:\/\/api.w.org\/{rel}","templated":true}]}}