{"id":2255,"date":"2015-01-01T22:13:03","date_gmt":"2015-01-01T20:13:03","guid":{"rendered":"http:\/\/www.ttc-darmstadt.de\/?p=2255"},"modified":"2015-02-01T22:13:38","modified_gmt":"2015-02-01T20:13:38","slug":"vereinsmeisterschaft-im-doppel","status":"publish","type":"post","link":"https:\/\/www.ttc-darmstadt.de\/blog\/vereinsmeisterschaft-im-doppel\/","title":{"rendered":"Vereinsmeisterschaft im Doppel"},"content":{"rendered":"<p>Bei den Vereinsmeisterschaften der Herren im Doppel traten am Freitag, 09.91.2015 9 Paarungen an.<\/p>\n<p><a href=\"http:\/\/www.ttc-darmstadt.de\/wp-content\/uploads\/2015\/02\/VereinsmeisterDoppel2015.jpg\"><img loading=\"lazy\" decoding=\"async\" class=\"alignleft size-medium wp-image-2256\" src=\"http:\/\/www.ttc-darmstadt.de\/wp-content\/uploads\/2015\/02\/VereinsmeisterDoppel2015-300x225.jpg\" alt=\"VereinsmeisterDoppel2015\" width=\"300\" height=\"225\" srcset=\"https:\/\/www.ttc-darmstadt.de\/blog\/wp-content\/uploads\/2015\/02\/VereinsmeisterDoppel2015-300x225.jpg 300w, https:\/\/www.ttc-darmstadt.de\/blog\/wp-content\/uploads\/2015\/02\/VereinsmeisterDoppel2015-150x112.jpg 150w, https:\/\/www.ttc-darmstadt.de\/blog\/wp-content\/uploads\/2015\/02\/VereinsmeisterDoppel2015-644x483.jpg 644w, https:\/\/www.ttc-darmstadt.de\/blog\/wp-content\/uploads\/2015\/02\/VereinsmeisterDoppel2015-135x100.jpg 135w, https:\/\/www.ttc-darmstadt.de\/blog\/wp-content\/uploads\/2015\/02\/VereinsmeisterDoppel2015.jpg 1103w\" sizes=\"auto, (max-width: 300px) 100vw, 300px\" \/><\/a>Aus der Gruppe Martin Heckel\/Carsten Grau, Pierre G\u00f6rner\/Peter Franz, Wolfram Sch\u00e4fer\/ Lukas Laux und Patrick Doll\/Berndt Mengler, setzten sich Mengler\/Doll (2) und G\u00f6rner\/Franz (1) durch. In der 5er-Gruppe Hubert H\u00fctte\/Alfred Trillig, Thorsten Fischer\/Wolfgang Schmidt, Mark H?\/Fabian Drolsbach, Gerhard Micke\/Thomas Eichhorn und Max Tippmann\/Hans-J\u00fcrgen Sch\u00f6pf erreichten die letzten beiden das Halbfinale. Gerhard und Thomas hatten sich schon in der Gruppe gequ\u00e4lt und waren dann gegen Pierre und Peter weitestgehend chancenlos. Max und Hans-J\u00fcrgen aus der dritten Mannschaft unterlagen dagegen erst in der Verl\u00e4ngerung des 5. Satzes gegen den sp\u00e4teren Sieger. Patrick und Berndt gewannen das Finale gegen Peter und Pierre 3:1. und l\u00f6sten die beiden damit als Vereinsmeister ab.<\/p>\n<p>Im Turnier war einigen die vorausgegangene Trainingspause anzumerken, sodass das spielerische Niveau der Vorjahre nicht erreicht wurde. Als Vorbereitung auf die R\u00fcckrunde in der alle Mannschaften um den Klassenerhalt oder Aufstieg spielen, kann man die Veranstaltung aber als gelungen bezeichnen.<\/p>\n","protected":false},"excerpt":{"rendered":"<p>Bei den Vereinsmeisterschaften der Herren im Doppel traten am Freitag, 09.91.2015 9 Paarungen an. Aus der Gruppe Martin Heckel\/Carsten Grau, Pierre G\u00f6rner\/Peter Franz, Wolfram Sch\u00e4fer\/ Lukas Laux und Patrick Doll\/Berndt [&hellip;]<\/p>\n","protected":false},"author":2,"featured_media":2256,"comment_status":"closed","ping_status":"closed","sticky":false,"template":"","format":"standard","meta":{"ngg_post_thumbnail":0,"footnotes":""},"categories":[1,5],"tags":[115,127,128,32],"class_list":["post-2255","post","type-post","status-publish","format-standard","has-post-thumbnail","hentry","category-verein","category-wettkampf","tag-115","tag-doppel","tag-doppelvereinsmeisterschaft","tag-vereinsmeisterschaften"],"_links":{"self":[{"href":"https:\/\/www.ttc-darmstadt.de\/blog\/wp-json\/wp\/v2\/posts\/2255","targetHints":{"allow":["GET"]}}],"collection":[{"href":"https:\/\/www.ttc-darmstadt.de\/blog\/wp-json\/wp\/v2\/posts"}],"about":[{"href":"https:\/\/www.ttc-darmstadt.de\/blog\/wp-json\/wp\/v2\/types\/post"}],"author":[{"embeddable":true,"href":"https:\/\/www.ttc-darmstadt.de\/blog\/wp-json\/wp\/v2\/users\/2"}],"replies":[{"embeddable":true,"href":"https:\/\/www.ttc-darmstadt.de\/blog\/wp-json\/wp\/v2\/comments?post=2255"}],"version-history":[{"count":1,"href":"https:\/\/www.ttc-darmstadt.de\/blog\/wp-json\/wp\/v2\/posts\/2255\/revisions"}],"predecessor-version":[{"id":2257,"href":"https:\/\/www.ttc-darmstadt.de\/blog\/wp-json\/wp\/v2\/posts\/2255\/revisions\/2257"}],"wp:featuredmedia":[{"embeddable":true,"href":"https:\/\/www.ttc-darmstadt.de\/blog\/wp-json\/wp\/v2\/media\/2256"}],"wp:attachment":[{"href":"https:\/\/www.ttc-darmstadt.de\/blog\/wp-json\/wp\/v2\/media?parent=2255"}],"wp:term":[{"taxonomy":"category","embeddable":true,"href":"https:\/\/www.ttc-darmstadt.de\/blog\/wp-json\/wp\/v2\/categories?post=2255"},{"taxonomy":"post_tag","embeddable":true,"href":"https:\/\/www.ttc-darmstadt.de\/blog\/wp-json\/wp\/v2\/tags?post=2255"}],"curies":[{"name":"wp","href":"https:\/\/api.w.org\/{rel}","templated":true}]}}