{"id":222,"date":"2009-04-14T14:30:36","date_gmt":"2009-04-14T12:30:36","guid":{"rendered":"http:\/\/www.ttc-darmstadt.de\/?p=222"},"modified":"2009-06-17T15:27:28","modified_gmt":"2009-06-17T13:27:28","slug":"1-ttc-darmstadt-i-spielte-starke-ruckrunde-verpast-aber-dennoch-den-sprung-auf-den-relegationsplatz","status":"publish","type":"post","link":"https:\/\/www.ttc-darmstadt.de\/blog\/1-ttc-darmstadt-i-spielte-starke-ruckrunde-verpast-aber-dennoch-den-sprung-auf-den-relegationsplatz\/","title":{"rendered":"1.TTC Darmstadt I spielte starke R\u00fcckrunde, verpa\u00dft aber dennoch den Sprung auf den Relegationsplatz"},"content":{"rendered":"<p>Nach gelungenem R\u00fcckrundenauftakt, einem 9:3-Erfolg im Derby gegen die Gr\u00fcn-Wei\u00dfen, taten wir uns gegen die Mannen vom Vereinsmitglied Christian Engel aus Klein-Umstadt sehr schwer. Die Klein-Umst\u00e4dter waren nicht von ungef\u00e4hr die einzige Mannschaft, die dem Meister Nieder-Beerbach in der R\u00fcckrunde den einzigen Punkt abnahmen, und die Lilien, den Tabellezweiten, sogar 9:7 bezwangen. Ohne Patrick Doll lief es im vorderen Paarkreuz mit Helmut Spindler und Martin Heckel \u00fcberhaupt nicht. 0:4 lautete die erschreckende Bilanz. Doch der Rest der Mannschaft (Carsten Grau, Gerhard Micke, Steffen Rath und Berndt Mengler) war zum Gl\u00fcck gl\u00e4nzend aufgelegt, und gaben weder im mittleren noch im hinteren Paarkreuz Z\u00e4hler ab. So konnte man einen 9:6-Sieg erringen.<br \/>\nIn Modau lie\u00df man keine Zweifel aufkommen, wer als Sieger die Halle verlassen w\u00fcrde. 9:1 hie\u00df es am Ende.<br \/>\nWollte man noch eine Chance haben, um auf den Relegationsplatz zu kommen, mu\u00dfte man gegen den Spitzenreiter Nieder-Beerbach punkten. War das Hinspiel noch \u00e4u\u00dferst ungl\u00fccklich mit 7:9 verloren worden, hatte man im R\u00fcckspiel keine echte Chance. So konnten nur Patrick und Steffen ihr Doppel gewinnen. Martin und Gerhard im Doppel, sowie Helmut und Steffen im Einzel unterlagen knapp in f\u00fcnf S\u00e4tzen. So hie\u00df es leider 1:9 am Ende.<br \/>\nTortz dieser Pleite lie\u00df man sich nicht entmutigen, und es kam die st\u00e4rkste Phase der R\u00fcckrunde der M\u00e4nner aus der Heimst\u00e4ttensiedlung. Zun\u00e4chst gab es einen 9:0-Kantersieg in Arheilgen. Dann folgte ein 9:1-Sieg im \u00e4u\u00dferst gew\u00f6hnungsbed\u00fcrftigen Ausweichlokal der Langst\u00e4dter am Sonntag morgen. Dann kam das mit Spannung erwartete Duell gegen Nieder-Ramstadt. Auch hier hatte man mit viel Pech das Hinspiel mit 7:9 verloren. Umso mehr war man auf Revanche aus. Offensichtlich waren die G\u00e4ste, bis auf wenige Ausnahmen, nicht so motiviert. Doch wir liessen uns nicht aus dem Konzept bringen, und schickten die Nieder-Ramst\u00e4dter mit einem 9:2, der h\u00f6chsten Niederlage des vermeintlichen Aufstiegsaspiranten, nach Hause.<br \/>\nNach einer Odysee zur Halle der Dieburger, die man dann kurz vor Spielbeginn doch noch fand, gab es einen weiteren 9:2-Sieg zu feiern.<br \/>\nAnschliessend ging es zu den Lilien. Diese hatten auch eine tolle R\u00fcckrunde gespielt. Es war klar, dass nur ein Sieg noch eine allerletzte theoretische Chance bot. Aber selbst dann h\u00e4tten die Lilien noch einen Z\u00e4hler abgeben m\u00fcssen, um sie zu \u00fcberholen. Nach starken Leistungen zum Auftakt im Doppel durch Patrick und Steffen, sowie Helmut und Carsten, legte Martin nach. Somit lag man 3:1 in F\u00fchrung. Leider konnte Patrick gegen den starken Schanz die F\u00fchrung nicht ausbauen. Auch Carsten verlor sehr ungl\u00fccklich mi 9:11 im f\u00fcnften Satz. Helmut und Steffen spielten sehr stark auf und gewannen jeweils 3:0. Damit war der alte Abstand wieder hergestellt. 5:3 lag man in F\u00fchrung. Als dann jedoch Patrick 12:14 und Helmut ebenfalls im f\u00fcnften Satz verloren, kippte das Spiel, so dass man am Ende gegen starke Lilien mit 5:9 den K\u00fcrzeren zog. Damit war die Saison quasi gelaufen. Daran \u00e4nderte auch die 9:7-Niederlage der Lilien, die jedoch auch nicht mehr in Bestbesetzung angetreten waren, gegen Klein-Umstadt nichts mehr.<br \/>\nNiederhausen hatte sich im vorletzten Spiel der Saison mit Sperl und Hansmann &#8222;ersatz-verst\u00e4rkt&#8220;. So leisteten die G\u00e4ste starken Widerstand. Die TTC`ler lagen sogar mit 3:6 zur\u00fcck, ehe man wieder in die Erfolgsspur zur\u00fcckfand. Nachdem Steffen schon sein erstes Spiel sehr ungl\u00fccklich im f\u00fcnften Satz 9:11 abgeben mu\u00dfte, konnte er auch im zweiten Matchb\u00e4lle nicht nutzen, und unterlag mit 13:15 ebenfalls im f\u00fcnften Satz. Somit mu\u00dfte das Schlussdoppel die Entscheidung bringen, was in dieser Saison leider immer verloren ging. Nach 1:2-Satzr\u00fcckstand gelang Patrick und Steffen dann fast alles. Mit 11:8 und 11:6 holten sie doch noch den neunten Z\u00e4hler zum 9:7.<br \/>\nIm abschliessenden Match gegen Gr\u00e4fenhausen\/Schneppenhausen fehlten Patrick und Steffen. Dennoch konnten sich die Gastgeber nicht mehr den einen Z\u00e4hler zum Klassenerhalt holen. 9:5 gewann der 1.TTC am Ende.<br \/>\nDie Bilanzen aller k\u00f6nnen sich sehen lassen. Herausragend waren sicherlich die der beiden Doppel Patrick und Steffen mit 8:1, sowie Helmut und Carsten mit 9:2. Aber auch die Platzierungen von Martin, mit 13:5 Spielen Platz 5 der besten Spieler, und Patrick, mit 12:6 Platz 7 waren sehr gut. Helmut brachte es mit 8:4 auf Rang 8 und Carsten mit 9:6 auf Rang 9 im mittleren Paarkreuz. Steffen vergab den Sieg des hinteren Paarkreuzes, bedingt durch die beiden 5-Satz-Niederlagen im vorletzten Spiel, und landete mit 8:3 Spielen auf Platz 5, w\u00e4hrend Gerhard mit 7:4 Rang 8 der Platzierungen im hinteren Paarkreuz erreichte. Insgesamt erzielte die Mannschaft 34:10 Punkte und konnte sogar ein besseres Spielverh\u00e4ltnis aufweisen, als die Lilien unmittelbar davor auf dem zweiten Platz.<br \/>\nPositiv war auch die Tatsache, dass man, im Gegensatz zu den letzten Jahren, nur selten auf Ersatz zur\u00fcckgreifen mu\u00dfte. Ein besonderes Lob an Martin, Helmut und Gerhard, die sogar in allen Spielen dabei waren.<br \/>\nDas Fazit ist schnell gezogen: Eine insgesamt gute Saison f\u00fchrte leider dennoch nicht auf einen der ersten beiden Pl\u00e4tze, da die Konkurrenz aus Nieder-Beerbach und vom SV Darmstadt 98 in diesem Jahr einfach besonders stark war. Vier Niederlagen gegen diese Teams waren einfach zu viel. Da half auch leider die \u00dcberlegenheit gegen\u00fcber den anderen Mannschaften nichts. Vielleicht hatte man auch einfach die falsche Gruppe erwischt, denn in zwei anderen Bezirksklassen h\u00e4tte es mit 34:10 Punkten gereicht&#8230; ;-))<br \/>\nJetzt geht es jedenfalls erstmal in die verdiente Sommerpause.<br \/>\nEuer<br \/>\nSteffen Rath<\/p>\n","protected":false},"excerpt":{"rendered":"<p>Nach gelungenem R\u00fcckrundenauftakt, einem 9:3-Erfolg im Derby gegen die Gr\u00fcn-Wei\u00dfen, taten wir uns gegen die Mannen vom Vereinsmitglied Christian Engel aus Klein-Umstadt sehr schwer. Die Klein-Umst\u00e4dter waren nicht von ungef\u00e4hr [&hellip;]<\/p>\n","protected":false},"author":2,"featured_media":0,"comment_status":"open","ping_status":"open","sticky":false,"template":"","format":"standard","meta":{"ngg_post_thumbnail":0,"footnotes":""},"categories":[5],"tags":[],"class_list":["post-222","post","type-post","status-publish","format-standard","hentry","category-wettkampf"],"_links":{"self":[{"href":"https:\/\/www.ttc-darmstadt.de\/blog\/wp-json\/wp\/v2\/posts\/222","targetHints":{"allow":["GET"]}}],"collection":[{"href":"https:\/\/www.ttc-darmstadt.de\/blog\/wp-json\/wp\/v2\/posts"}],"about":[{"href":"https:\/\/www.ttc-darmstadt.de\/blog\/wp-json\/wp\/v2\/types\/post"}],"author":[{"embeddable":true,"href":"https:\/\/www.ttc-darmstadt.de\/blog\/wp-json\/wp\/v2\/users\/2"}],"replies":[{"embeddable":true,"href":"https:\/\/www.ttc-darmstadt.de\/blog\/wp-json\/wp\/v2\/comments?post=222"}],"version-history":[{"count":0,"href":"https:\/\/www.ttc-darmstadt.de\/blog\/wp-json\/wp\/v2\/posts\/222\/revisions"}],"wp:attachment":[{"href":"https:\/\/www.ttc-darmstadt.de\/blog\/wp-json\/wp\/v2\/media?parent=222"}],"wp:term":[{"taxonomy":"category","embeddable":true,"href":"https:\/\/www.ttc-darmstadt.de\/blog\/wp-json\/wp\/v2\/categories?post=222"},{"taxonomy":"post_tag","embeddable":true,"href":"https:\/\/www.ttc-darmstadt.de\/blog\/wp-json\/wp\/v2\/tags?post=222"}],"curies":[{"name":"wp","href":"https:\/\/api.w.org\/{rel}","templated":true}]}}