{"id":2165,"date":"2015-01-17T19:23:49","date_gmt":"2015-01-17T17:23:49","guid":{"rendered":"http:\/\/www.ttc-darmstadt.de\/?p=2165"},"modified":"2015-01-18T19:57:53","modified_gmt":"2015-01-18T17:57:53","slug":"neue-vereinsmeister-2","status":"publish","type":"post","link":"https:\/\/www.ttc-darmstadt.de\/blog\/neue-vereinsmeister-2\/","title":{"rendered":"Neue Vereinsmeister (2)"},"content":{"rendered":"<p><a href=\"http:\/\/www.ttc-darmstadt.de\/wp-content\/uploads\/2015\/01\/Vereinsmeisterschaften-2015.zip\">Vereinsmeisterschaften 2015<\/a><\/p>\n<p>Bei den Vereinsmeisterschaften der Damen und Herren am Sonntag, 11.01.2015 setzten sich Yvonne Sch\u00e4fer knapp im 5. Satz gegen Miriam Moneke durch. Dritte wurde Kirsten Wellhausen, die unsere beiden Nachwuchsspielerinnen Laura Wellhausen und Johanna Messinesis hinter sich lie\u00df. Im Doppel gewannen Yvonne und Laura 3:0 gegen Kirsten und Johanna.<\/p>\n<p>Die Herrenkonkurrenz gewan<a href=\"http:\/\/www.ttc-darmstadt.de\/wp-content\/uploads\/2015\/01\/IMG_0065web.jpg\"><img loading=\"lazy\" decoding=\"async\" class=\" size-medium wp-image-2166 alignleft\" src=\"http:\/\/www.ttc-darmstadt.de\/wp-content\/uploads\/2015\/01\/IMG_0065web-300x225.jpg\" alt=\"IMG_0065web\" width=\"300\" height=\"225\" srcset=\"https:\/\/www.ttc-darmstadt.de\/blog\/wp-content\/uploads\/2015\/01\/IMG_0065web-300x225.jpg 300w, https:\/\/www.ttc-darmstadt.de\/blog\/wp-content\/uploads\/2015\/01\/IMG_0065web-150x113.jpg 150w, https:\/\/www.ttc-darmstadt.de\/blog\/wp-content\/uploads\/2015\/01\/IMG_0065web-1024x768.jpg 1024w, https:\/\/www.ttc-darmstadt.de\/blog\/wp-content\/uploads\/2015\/01\/IMG_0065web.jpg 1094w\" sizes=\"auto, (max-width: 300px) 100vw, 300px\" \/><\/a>n TTC-Neumitglied Wolfgang Wie\u00dfler 3:1 gegen den zur Zeit wohl besten TTC-Mannschaftsspieler Pierre G\u00f6rner. W\u00e4hrend sich Pierre nach dem Gruppensieg gegen Stephan Messinesis und Steffen Rath 3:0 durchsetzte, besiegte Wolfgang die mehrmaligen Vereinsmeister Martin Heckel und Peter Franz mit 3:1 und 3:0. Rang drei belegt Peter Franz.<\/p>\n<p>Im gemischten Doppel gewannen Yvonne und Wolfram Sch\u00e4fer vor Miriam Moneke mit Berndt Mengler und Kirsten Wellhausen mit J\u00fcrgen Modler.<\/p>\n","protected":false},"excerpt":{"rendered":"<p>Vereinsmeisterschaften 2015 Bei den Vereinsmeisterschaften der Damen und Herren am Sonntag, 11.01.2015 setzten sich Yvonne Sch\u00e4fer knapp im 5. Satz gegen Miriam Moneke durch. Dritte wurde Kirsten Wellhausen, die unsere [&hellip;]<\/p>\n","protected":false},"author":2,"featured_media":2166,"comment_status":"closed","ping_status":"closed","sticky":false,"template":"","format":"gallery","meta":{"ngg_post_thumbnail":0,"footnotes":""},"categories":[53,1,5],"tags":[115,32],"class_list":["post-2165","post","type-post","status-publish","format-gallery","has-post-thumbnail","hentry","category-turnier","category-verein","category-wettkampf","tag-115","tag-vereinsmeisterschaften","post_format-post-format-gallery"],"_links":{"self":[{"href":"https:\/\/www.ttc-darmstadt.de\/blog\/wp-json\/wp\/v2\/posts\/2165","targetHints":{"allow":["GET"]}}],"collection":[{"href":"https:\/\/www.ttc-darmstadt.de\/blog\/wp-json\/wp\/v2\/posts"}],"about":[{"href":"https:\/\/www.ttc-darmstadt.de\/blog\/wp-json\/wp\/v2\/types\/post"}],"author":[{"embeddable":true,"href":"https:\/\/www.ttc-darmstadt.de\/blog\/wp-json\/wp\/v2\/users\/2"}],"replies":[{"embeddable":true,"href":"https:\/\/www.ttc-darmstadt.de\/blog\/wp-json\/wp\/v2\/comments?post=2165"}],"version-history":[{"count":6,"href":"https:\/\/www.ttc-darmstadt.de\/blog\/wp-json\/wp\/v2\/posts\/2165\/revisions"}],"predecessor-version":[{"id":2173,"href":"https:\/\/www.ttc-darmstadt.de\/blog\/wp-json\/wp\/v2\/posts\/2165\/revisions\/2173"}],"wp:featuredmedia":[{"embeddable":true,"href":"https:\/\/www.ttc-darmstadt.de\/blog\/wp-json\/wp\/v2\/media\/2166"}],"wp:attachment":[{"href":"https:\/\/www.ttc-darmstadt.de\/blog\/wp-json\/wp\/v2\/media?parent=2165"}],"wp:term":[{"taxonomy":"category","embeddable":true,"href":"https:\/\/www.ttc-darmstadt.de\/blog\/wp-json\/wp\/v2\/categories?post=2165"},{"taxonomy":"post_tag","embeddable":true,"href":"https:\/\/www.ttc-darmstadt.de\/blog\/wp-json\/wp\/v2\/tags?post=2165"}],"curies":[{"name":"wp","href":"https:\/\/api.w.org\/{rel}","templated":true}]}}