{"id":2157,"date":"2015-01-18T19:55:35","date_gmt":"2015-01-18T17:55:35","guid":{"rendered":"http:\/\/www.ttc-darmstadt.de\/?p=2157"},"modified":"2015-02-01T17:57:03","modified_gmt":"2015-02-01T15:57:03","slug":"auch-dem-gegner-gefaellts-beim-ttc","status":"publish","type":"post","link":"https:\/\/www.ttc-darmstadt.de\/blog\/auch-dem-gegner-gefaellts-beim-ttc\/","title":{"rendered":"Auch dem Gegner gef\u00e4llt&#8217;s beim TTC"},"content":{"rendered":"<p>Zur Ver\u00f6ffentlichung zugeschickt bekommen hat der TTC dieses Foto aus der Hinrunde der 3. Kreisklasse vom derzeitigen Tabellenf\u00fchrer SV Eberstadt III.<br \/>\nUn<a href=\"http:\/\/www.ttc-darmstadt.de\/wp-content\/uploads\/2015\/01\/TTC_SVEklein.jpg\"><img loading=\"lazy\" decoding=\"async\" class=\" size-medium wp-image-2181 alignleft\" src=\"http:\/\/www.ttc-darmstadt.de\/wp-content\/uploads\/2015\/01\/TTC_SVEklein-300x168.jpg\" alt=\"TTC_SVEklein\" width=\"300\" height=\"168\" srcset=\"https:\/\/www.ttc-darmstadt.de\/blog\/wp-content\/uploads\/2015\/01\/TTC_SVEklein-300x168.jpg 300w, https:\/\/www.ttc-darmstadt.de\/blog\/wp-content\/uploads\/2015\/01\/TTC_SVEklein-150x84.jpg 150w, https:\/\/www.ttc-darmstadt.de\/blog\/wp-content\/uploads\/2015\/01\/TTC_SVEklein.jpg 661w\" sizes=\"auto, (max-width: 300px) 100vw, 300px\" \/><\/a>sere G\u00e4sten haben unsere F\u00fcnfte deutlich mit 2:9 besiegt und haben danach den Abend in unserem Vereinsheim ausklingen lassen. Viel Spa\u00df hatten sie dabei u.a. auch mit dem langj\u00e4hrigen Eberst\u00e4dter und jetzigen TTCler Gerold Schilling.<\/p>\n<p>Danke an Alexander Schwalbach f\u00fcr das Foto und weiterhin viel Erfolg.<\/p>\n<p>&nbsp;<\/p>\n","protected":false},"excerpt":{"rendered":"<p>Zur Ver\u00f6ffentlichung zugeschickt bekommen hat der TTC dieses Foto aus der Hinrunde der 3. Kreisklasse vom derzeitigen Tabellenf\u00fchrer SV Eberstadt III. Unsere G\u00e4sten haben unsere F\u00fcnfte deutlich mit 2:9 besiegt [&hellip;]<\/p>\n","protected":false},"author":2,"featured_media":2181,"comment_status":"closed","ping_status":"closed","sticky":false,"template":"","format":"standard","meta":{"ngg_post_thumbnail":0,"footnotes":""},"categories":[19,4,1,5],"tags":[112,118,117],"class_list":["post-2157","post","type-post","status-publish","format-standard","has-post-thumbnail","hentry","category-mannschaft5","category-clubheim","category-verein","category-wettkampf","tag-112","tag-3-kreisklasse","tag-sv-eberstadt-iii"],"_links":{"self":[{"href":"https:\/\/www.ttc-darmstadt.de\/blog\/wp-json\/wp\/v2\/posts\/2157","targetHints":{"allow":["GET"]}}],"collection":[{"href":"https:\/\/www.ttc-darmstadt.de\/blog\/wp-json\/wp\/v2\/posts"}],"about":[{"href":"https:\/\/www.ttc-darmstadt.de\/blog\/wp-json\/wp\/v2\/types\/post"}],"author":[{"embeddable":true,"href":"https:\/\/www.ttc-darmstadt.de\/blog\/wp-json\/wp\/v2\/users\/2"}],"replies":[{"embeddable":true,"href":"https:\/\/www.ttc-darmstadt.de\/blog\/wp-json\/wp\/v2\/comments?post=2157"}],"version-history":[{"count":3,"href":"https:\/\/www.ttc-darmstadt.de\/blog\/wp-json\/wp\/v2\/posts\/2157\/revisions"}],"predecessor-version":[{"id":2184,"href":"https:\/\/www.ttc-darmstadt.de\/blog\/wp-json\/wp\/v2\/posts\/2157\/revisions\/2184"}],"wp:featuredmedia":[{"embeddable":true,"href":"https:\/\/www.ttc-darmstadt.de\/blog\/wp-json\/wp\/v2\/media\/2181"}],"wp:attachment":[{"href":"https:\/\/www.ttc-darmstadt.de\/blog\/wp-json\/wp\/v2\/media?parent=2157"}],"wp:term":[{"taxonomy":"category","embeddable":true,"href":"https:\/\/www.ttc-darmstadt.de\/blog\/wp-json\/wp\/v2\/categories?post=2157"},{"taxonomy":"post_tag","embeddable":true,"href":"https:\/\/www.ttc-darmstadt.de\/blog\/wp-json\/wp\/v2\/tags?post=2157"}],"curies":[{"name":"wp","href":"https:\/\/api.w.org\/{rel}","templated":true}]}}