{"id":2147,"date":"2015-01-10T18:43:51","date_gmt":"2015-01-10T16:43:51","guid":{"rendered":"http:\/\/www.ttc-darmstadt.de\/?p=2147"},"modified":"2015-02-02T17:28:22","modified_gmt":"2015-02-02T15:28:22","slug":"neue-vereinsmeister","status":"publish","type":"post","link":"https:\/\/www.ttc-darmstadt.de\/blog\/neue-vereinsmeister\/","title":{"rendered":"neue Vereinsmeister"},"content":{"rendered":"<p>Neuer Jugendvereinsmeister ist in seinem letzten Jugend-Jahr Lukas Laux geworden, der den Vorjahresgewinner Magnus M\u00fcnzer auf Platz 2 verdr\u00e4ngte. Nils Sch\u00e4fer, B-Sch\u00fcler, unterlag beiden knapp im f\u00fcnften Satz und wurde dritter vor Pascal Raths. Lukas und Nils setzten sich auch im Doppel gegen Magnus und Pascal durch.<!--more--><\/p>\n<p>Beim Turnier der Nachwuchsspieler musste leider eine geringe Beteiligung verzeichnet werden, was wohl am Termin in den Ferien liegt. Dennoch haben sich 15 Spieler spannende Spiele geliefert.<\/p>\n<p>Nils sicherte sich aber als Doppelstarter den Titel bei den A-Sch\u00fclern. Es folgten auf den Pl\u00e4tzen Moritz Hilbers, Kai Gotzmann, Elias Messinesis und Sven Gotzmann.<\/p>\n<p>Die Ergebnisse der C-Sch\u00fcler und -Sch\u00fclerinnen wurde in einer gemeinsamen Gruppe ermittelt, aber getrennt gewertet. Felix Gradwohl war hier der erfolgreichste Spieler, gefolgt von Jonas Weber, Florian Wellhausen und Luca Haase.<\/p>\n<p>Johanna Messinesis erreichte in Ihrer Alterklasse den dritten Gesamtplatz, aber Platz 1 bei den Sch\u00fclerinnen. 2. wurde Camille G\u00f6tz-Unal vor Gwenn G\u00f6tz-Unal.<\/p>\n<p>Der TTC gratuliert allen Teilnehmern. Wir werden uns beim n\u00e4chsten Mal um einen g\u00fcnstigeren Turniertermin bem\u00fchen und hoffen dann wieder auf so gute Teilnehmerzahlen wie im letzten Jahr.<\/p>\n<p><a href=\"http:\/\/www.ttc-darmstadt.de\/wp-content\/uploads\/2015\/01\/IMG_0054webklein.jpg\"><img loading=\"lazy\" decoding=\"async\" class=\"alignleft size-medium wp-image-2241\" src=\"http:\/\/www.ttc-darmstadt.de\/wp-content\/uploads\/2015\/01\/IMG_0054webklein-300x225.jpg\" alt=\"IMG_0054webklein\" width=\"300\" height=\"225\" \/><\/a><\/p>\n","protected":false},"excerpt":{"rendered":"<p>Neuer Jugendvereinsmeister ist in seinem letzten Jugend-Jahr Lukas Laux geworden, der den Vorjahresgewinner Magnus M\u00fcnzer auf Platz 2 verdr\u00e4ngte. Nils Sch\u00e4fer, B-Sch\u00fcler, unterlag beiden knapp im f\u00fcnften Satz und wurde [&hellip;]<\/p>\n","protected":false},"author":2,"featured_media":2241,"comment_status":"open","ping_status":"closed","sticky":false,"template":"","format":"standard","meta":{"ngg_post_thumbnail":0,"footnotes":""},"categories":[3,53,6,1,5],"tags":[112,84],"class_list":["post-2147","post","type-post","status-publish","format-standard","has-post-thumbnail","hentry","category-nachwuchs","category-turnier","category-termin","category-verein","category-wettkampf","tag-112","tag-jugendvereinsmeisterschaft"],"_links":{"self":[{"href":"https:\/\/www.ttc-darmstadt.de\/blog\/wp-json\/wp\/v2\/posts\/2147","targetHints":{"allow":["GET"]}}],"collection":[{"href":"https:\/\/www.ttc-darmstadt.de\/blog\/wp-json\/wp\/v2\/posts"}],"about":[{"href":"https:\/\/www.ttc-darmstadt.de\/blog\/wp-json\/wp\/v2\/types\/post"}],"author":[{"embeddable":true,"href":"https:\/\/www.ttc-darmstadt.de\/blog\/wp-json\/wp\/v2\/users\/2"}],"replies":[{"embeddable":true,"href":"https:\/\/www.ttc-darmstadt.de\/blog\/wp-json\/wp\/v2\/comments?post=2147"}],"version-history":[{"count":6,"href":"https:\/\/www.ttc-darmstadt.de\/blog\/wp-json\/wp\/v2\/posts\/2147\/revisions"}],"predecessor-version":[{"id":2297,"href":"https:\/\/www.ttc-darmstadt.de\/blog\/wp-json\/wp\/v2\/posts\/2147\/revisions\/2297"}],"wp:featuredmedia":[{"embeddable":true,"href":"https:\/\/www.ttc-darmstadt.de\/blog\/wp-json\/wp\/v2\/media\/2241"}],"wp:attachment":[{"href":"https:\/\/www.ttc-darmstadt.de\/blog\/wp-json\/wp\/v2\/media?parent=2147"}],"wp:term":[{"taxonomy":"category","embeddable":true,"href":"https:\/\/www.ttc-darmstadt.de\/blog\/wp-json\/wp\/v2\/categories?post=2147"},{"taxonomy":"post_tag","embeddable":true,"href":"https:\/\/www.ttc-darmstadt.de\/blog\/wp-json\/wp\/v2\/tags?post=2147"}],"curies":[{"name":"wp","href":"https:\/\/api.w.org\/{rel}","templated":true}]}}