{"id":2141,"date":"2014-12-22T18:28:18","date_gmt":"2014-12-22T16:28:18","guid":{"rendered":"http:\/\/www.ttc-darmstadt.de\/?p=2141"},"modified":"2014-12-22T18:31:36","modified_gmt":"2014-12-22T16:31:36","slug":"ttc-reserve-ueberwintert-auf-platz-1-der-kreisliga","status":"publish","type":"post","link":"https:\/\/www.ttc-darmstadt.de\/blog\/ttc-reserve-ueberwintert-auf-platz-1-der-kreisliga\/","title":{"rendered":"TTC-Reserve \u00fcberwintert auf Platz 1 der Kreisliga"},"content":{"rendered":"<p>Ein gl\u00fcckliches 8:8 beim Aufsteiger Eberstadt II zum Hinrundenauftakt, ein unerwartetes und entt\u00e4uchendes 8:8 in Bestbesetzung\u00a0 zu Hause gegen Concordia Pfungstadt II und eine viel zu deutliche Niederlage ohne unsere Nummer 1 gegen Nieder-Ramstadt IV haben uns nicht von der Spitzenposition verdr\u00e4ngen k\u00f6nnen.<\/p>\n<p>Dank der Ausgeglicheheit der Liga in der kaum Ergebnisse vorhergesagt werden k\u00f6nnen, aber auch wegen der eigenen Ausgeglichenheit der Spielst\u00e4rke innerhalb der Mannschaft, waren Gerhard, Bernd, Helmut, Dieter, Thomas, Horst und Berndt den kleinen Tick besser als die Konkurrenz.<\/p>\n<p>I<a href=\"http:\/\/www.ttc-darmstadt.de\/wp-content\/uploads\/2009\/07\/IMG_3906.jpg\"><img loading=\"lazy\" decoding=\"async\" class=\"alignleft size-medium wp-image-2055\" src=\"http:\/\/www.ttc-darmstadt.de\/wp-content\/uploads\/2009\/07\/IMG_3906-300x225.jpg\" alt=\"IMG_3906\" width=\"300\" height=\"225\" srcset=\"https:\/\/www.ttc-darmstadt.de\/blog\/wp-content\/uploads\/2009\/07\/IMG_3906-300x225.jpg 300w, https:\/\/www.ttc-darmstadt.de\/blog\/wp-content\/uploads\/2009\/07\/IMG_3906-150x112.jpg 150w, https:\/\/www.ttc-darmstadt.de\/blog\/wp-content\/uploads\/2009\/07\/IMG_3906-1024x768.jpg 1024w, https:\/\/www.ttc-darmstadt.de\/blog\/wp-content\/uploads\/2009\/07\/IMG_3906.jpg 2048w\" sizes=\"auto, (max-width: 300px) 100vw, 300px\" \/><\/a>n der R\u00fcckrunde erwartet uns ein nochmal verst\u00e4rktes Eberstadt. Ger\u00fcchten zu Folge wird &#8222;Theo&#8220; bei unserem Nachbarverein in der Mitte anheuern. Blau-Gelb\u00a0 wird als derzeitiger Tabellenzweiter mit dem erfolgreichsten Spieler der Liga scharf auf Revanche f\u00fcr das viel zu deutliche 4:9 aus dem Hinspiel in der Heimst\u00e4ttensiedlung sein. Daf\u00fcr wird GSW, als Tabellenf\u00fcnfter auch nur 2 Punkte hinter dem 1. TTC Darmstadt, Thang Le Viet verlieren und wohl etwas schw\u00e4cher werden.<\/p>\n<p>Alles in allem wird es eine sehr spannende R\u00fcckrunde und bei aller Freude \u00fcber einen zwischenzeitlichen Platz 1, ist dieser alleine doch gar nichts wert und muss erst verteidigt werden.<\/p>\n<p>Allen Lesern und meiner Mannschaft ein frohes Fest und einen guten Rutsch!<\/p>\n<p>&nbsp;<\/p>\n","protected":false},"excerpt":{"rendered":"<p>Ein gl\u00fcckliches 8:8 beim Aufsteiger Eberstadt II zum Hinrundenauftakt, ein unerwartetes und entt\u00e4uchendes 8:8 in Bestbesetzung\u00a0 zu Hause gegen Concordia Pfungstadt II und eine viel zu deutliche Niederlage ohne unsere [&hellip;]<\/p>\n","protected":false},"author":2,"featured_media":0,"comment_status":"open","ping_status":"closed","sticky":false,"template":"","format":"standard","meta":{"ngg_post_thumbnail":0,"footnotes":""},"categories":[16,5],"tags":[112,63,10],"class_list":["post-2141","post","type-post","status-publish","format-standard","hentry","category-2-mannschaft","category-wettkampf","tag-112","tag-kreisliga","tag-ttc2"],"_links":{"self":[{"href":"https:\/\/www.ttc-darmstadt.de\/blog\/wp-json\/wp\/v2\/posts\/2141","targetHints":{"allow":["GET"]}}],"collection":[{"href":"https:\/\/www.ttc-darmstadt.de\/blog\/wp-json\/wp\/v2\/posts"}],"about":[{"href":"https:\/\/www.ttc-darmstadt.de\/blog\/wp-json\/wp\/v2\/types\/post"}],"author":[{"embeddable":true,"href":"https:\/\/www.ttc-darmstadt.de\/blog\/wp-json\/wp\/v2\/users\/2"}],"replies":[{"embeddable":true,"href":"https:\/\/www.ttc-darmstadt.de\/blog\/wp-json\/wp\/v2\/comments?post=2141"}],"version-history":[{"count":2,"href":"https:\/\/www.ttc-darmstadt.de\/blog\/wp-json\/wp\/v2\/posts\/2141\/revisions"}],"predecessor-version":[{"id":2143,"href":"https:\/\/www.ttc-darmstadt.de\/blog\/wp-json\/wp\/v2\/posts\/2141\/revisions\/2143"}],"wp:attachment":[{"href":"https:\/\/www.ttc-darmstadt.de\/blog\/wp-json\/wp\/v2\/media?parent=2141"}],"wp:term":[{"taxonomy":"category","embeddable":true,"href":"https:\/\/www.ttc-darmstadt.de\/blog\/wp-json\/wp\/v2\/categories?post=2141"},{"taxonomy":"post_tag","embeddable":true,"href":"https:\/\/www.ttc-darmstadt.de\/blog\/wp-json\/wp\/v2\/tags?post=2141"}],"curies":[{"name":"wp","href":"https:\/\/api.w.org\/{rel}","templated":true}]}}