{"id":2059,"date":"2014-10-14T08:20:29","date_gmt":"2014-10-14T06:20:29","guid":{"rendered":"http:\/\/www.ttc-darmstadt.de\/?p=2059"},"modified":"2015-03-24T14:32:00","modified_gmt":"2015-03-24T12:32:00","slug":"sommerfreizeit-des-ttc-nachwuchses","status":"publish","type":"post","link":"https:\/\/www.ttc-darmstadt.de\/blog\/sommerfreizeit-des-ttc-nachwuchses\/","title":{"rendered":"Sommerfreizeit des TTC-Nachwuchses"},"content":{"rendered":"<p>Zur Sommerfreizeit 2014 ging es an den schon bekannten Gederner See. Auf einer gro\u00dfen Wiese rund um die Lagerfeuerst\u00e4tte und nah am See schlugen\u00a0 15 Kinder und zum Gl\u00fcck einige Betreuer ihre Zelte auf.<!--more--><\/p>\n<p>Die erste Augustwoche war dabei auch wohl eine der sch\u00f6nsten dieses Sommers. Jedenfalls gab es gen\u00fcgend Gelegenheiten zum ausgiebigen Schwimmen, Nutzen der schwimmenden Spring-und Spa\u00df-Insel, zum Beachen und Lagerfeuermachen. Ausfl\u00fcge gab es zum Hoherodskopf. Dort zeigten alle im Klettergarten ihr K\u00f6nnen und auf der Sommerrodelbahn wurde es rasant.<\/p>\n<p>Auf dem Programm stand dieses Jahr keine Wanderung, daf\u00fcr wurden einige durch den Morgensport gefordert \ud83d\ude42<\/p>\n<p>F\u00fcr das leibliche Wohl sorgten wieder Eva und Yvonne. Unterst\u00fctzt wurden Sie beim chinesischen Tomaten-Risotto auch von Andi.<\/p>\n<p>Angesichts eines Luftmatrazenliebenden Fuchses auf dem Zeltplatz war die eine oder andere Nacht allerdings auch eine schlaflose. Es gibt \u00dcberlegungen im n\u00e4chsten Jahr in eine Jugendherberge auszuweichen.<\/p>\n<p>Gro\u00dfer Dank geht auch an Wolle, f\u00fcr den Transport unseres Gep\u00e4cks.<\/p>\n<p>Hier ein Foto kurz vor der Abfahrt:<\/p>\n<p><a href=\"http:\/\/www.ttc-darmstadt.de\/wp-content\/uploads\/2014\/10\/Gruppeweb.jpg\"><img loading=\"lazy\" decoding=\"async\" class=\"alignleft wp-image-2061 size-medium\" src=\"http:\/\/www.ttc-darmstadt.de\/wp-content\/uploads\/2014\/10\/Gruppeweb-e1422814464364-300x161.jpg\" alt=\"Gruppeweb\" width=\"300\" height=\"161\" \/><\/a><\/p>\n","protected":false},"excerpt":{"rendered":"<p>Zur Sommerfreizeit 2014 ging es an den schon bekannten Gederner See. Auf einer gro\u00dfen Wiese rund um die Lagerfeuerst\u00e4tte und nah am See schlugen\u00a0 15 Kinder und zum Gl\u00fcck einige [&hellip;]<\/p>\n","protected":false},"author":2,"featured_media":2061,"comment_status":"closed","ping_status":"closed","sticky":false,"template":"","format":"standard","meta":{"ngg_post_thumbnail":0,"footnotes":""},"categories":[3,6,1],"tags":[102,111,110],"class_list":["post-2059","post","type-post","status-publish","format-standard","has-post-thumbnail","hentry","category-nachwuchs","category-termin","category-verein","tag-102","tag-gederner-see","tag-zeltfreizeit"],"_links":{"self":[{"href":"https:\/\/www.ttc-darmstadt.de\/blog\/wp-json\/wp\/v2\/posts\/2059","targetHints":{"allow":["GET"]}}],"collection":[{"href":"https:\/\/www.ttc-darmstadt.de\/blog\/wp-json\/wp\/v2\/posts"}],"about":[{"href":"https:\/\/www.ttc-darmstadt.de\/blog\/wp-json\/wp\/v2\/types\/post"}],"author":[{"embeddable":true,"href":"https:\/\/www.ttc-darmstadt.de\/blog\/wp-json\/wp\/v2\/users\/2"}],"replies":[{"embeddable":true,"href":"https:\/\/www.ttc-darmstadt.de\/blog\/wp-json\/wp\/v2\/comments?post=2059"}],"version-history":[{"count":4,"href":"https:\/\/www.ttc-darmstadt.de\/blog\/wp-json\/wp\/v2\/posts\/2059\/revisions"}],"predecessor-version":[{"id":2295,"href":"https:\/\/www.ttc-darmstadt.de\/blog\/wp-json\/wp\/v2\/posts\/2059\/revisions\/2295"}],"wp:featuredmedia":[{"embeddable":true,"href":"https:\/\/www.ttc-darmstadt.de\/blog\/wp-json\/wp\/v2\/media\/2061"}],"wp:attachment":[{"href":"https:\/\/www.ttc-darmstadt.de\/blog\/wp-json\/wp\/v2\/media?parent=2059"}],"wp:term":[{"taxonomy":"category","embeddable":true,"href":"https:\/\/www.ttc-darmstadt.de\/blog\/wp-json\/wp\/v2\/categories?post=2059"},{"taxonomy":"post_tag","embeddable":true,"href":"https:\/\/www.ttc-darmstadt.de\/blog\/wp-json\/wp\/v2\/tags?post=2059"}],"curies":[{"name":"wp","href":"https:\/\/api.w.org\/{rel}","templated":true}]}}