{"id":2047,"date":"2014-09-15T23:55:06","date_gmt":"2014-09-15T21:55:06","guid":{"rendered":"http:\/\/www.ttc-darmstadt.de\/?p=2047"},"modified":"2014-09-16T09:33:04","modified_gmt":"2014-09-16T07:33:04","slug":"erste-mannschaft-startet-mit-niederlage-in-die-saison","status":"publish","type":"post","link":"https:\/\/www.ttc-darmstadt.de\/blog\/erste-mannschaft-startet-mit-niederlage-in-die-saison\/","title":{"rendered":"Erste Mannschaft startet mit Niederlage in die Saison"},"content":{"rendered":"<p>Die erste Mannschaft des 1. TTC Darmstadt ist am Montag Abend mit einer Niederlage in die neue Saison gestartet. Im ersten Pflichtspiel in der Bezirksliga seit 2007 hatten die Spieler aus der Heimst\u00e4ttensiedlung gegen den Konkurrenten des TTC Dornbusch\/Niederursel II das Nachsehen.<\/p>\n<p>Nach\u00a0den Begegnungen der Doppel lag man zwar 1:2 zur\u00fcck &#8211; aber der Verlauf der Spiele machte Hoffnung auf mehr. Das Darmst\u00e4dter Spitzendoppel Ohnacker\/Heckel konnten sich deutlich mit 3:0 gegen das Doppel 2 Hermann\/Eberhardt der Gastgeber durchsetzen. Grau\/G\u00f6rner mussten sich knapp mit 1:3 geschlagen geben. Das neu formierte Doppel 3 mit Sch\u00e4fer\/H\u00f6hl stellte die Gegner zwar vor Probleme, konnte aber trotz gro\u00dfem Kampf eine 0:3 Niederlage nicht verhindern.<\/p>\n<p>Die n\u00e4chsten drei Einzel der ersten beiden Paarkreuze gingen dann allesamt 3:0 an die Gastgeber aus Frankfurt. Carsten Grau konnte in seinem Einzel zwar noch einen Satz gewinnen, war aber am Ende Sven J\u00e4schke nicht gewachsen.<\/p>\n<p>Ein Lichtblick zeigte sich dann im hinteren Paarkreuz. Bernd H\u00f6hl und Pierre G\u00f6rner zwangen ihre Gegner jeweils in den Entscheidungssatz. Leider konnte am Ende nur Pierre G\u00f6rner dank einer gro\u00dfen k\u00e4mpferischen und spielerischen Leistung einen Punkt f\u00fcr die Darmst\u00e4dter holen.<\/p>\n<p>Letztlich ging der Sieg f\u00fcr den TTC Dornbusch\/Niederursel II in Ordnung. Aufgrund einiger knapper S\u00e4tze blieb bei den Spielern des 1. TTC\u00a0jedoch das Gef\u00fchl, da\u00df vielleicht auch ein wenig mehr als eine 9:2 Niederlage m\u00f6glich gewesen w\u00e4re.<\/p>\n<p><a href=\"http:\/\/httv.click-tt.de\/cgi-bin\/WebObjects\/nuLigaTTDE.woa\/wa\/groupMeetingReport?meeting=7642683&amp;championship=B4+14%2F15&amp;group=226682\">Hier geht es zum Spielbericht&#8230;<\/a><\/p>\n<p>&nbsp;<\/p>\n","protected":false},"excerpt":{"rendered":"<p>Die erste Mannschaft des 1. TTC Darmstadt ist am Montag Abend mit einer Niederlage in die neue Saison gestartet. Im ersten Pflichtspiel in der Bezirksliga seit 2007 hatten die Spieler [&hellip;]<\/p>\n","protected":false},"author":10,"featured_media":0,"comment_status":"closed","ping_status":"closed","sticky":false,"template":"","format":"standard","meta":{"ngg_post_thumbnail":0,"footnotes":""},"categories":[15,5],"tags":[],"class_list":["post-2047","post","type-post","status-publish","format-standard","hentry","category-mannschaft1","category-wettkampf"],"_links":{"self":[{"href":"https:\/\/www.ttc-darmstadt.de\/blog\/wp-json\/wp\/v2\/posts\/2047","targetHints":{"allow":["GET"]}}],"collection":[{"href":"https:\/\/www.ttc-darmstadt.de\/blog\/wp-json\/wp\/v2\/posts"}],"about":[{"href":"https:\/\/www.ttc-darmstadt.de\/blog\/wp-json\/wp\/v2\/types\/post"}],"author":[{"embeddable":true,"href":"https:\/\/www.ttc-darmstadt.de\/blog\/wp-json\/wp\/v2\/users\/10"}],"replies":[{"embeddable":true,"href":"https:\/\/www.ttc-darmstadt.de\/blog\/wp-json\/wp\/v2\/comments?post=2047"}],"version-history":[{"count":5,"href":"https:\/\/www.ttc-darmstadt.de\/blog\/wp-json\/wp\/v2\/posts\/2047\/revisions"}],"predecessor-version":[{"id":2052,"href":"https:\/\/www.ttc-darmstadt.de\/blog\/wp-json\/wp\/v2\/posts\/2047\/revisions\/2052"}],"wp:attachment":[{"href":"https:\/\/www.ttc-darmstadt.de\/blog\/wp-json\/wp\/v2\/media?parent=2047"}],"wp:term":[{"taxonomy":"category","embeddable":true,"href":"https:\/\/www.ttc-darmstadt.de\/blog\/wp-json\/wp\/v2\/categories?post=2047"},{"taxonomy":"post_tag","embeddable":true,"href":"https:\/\/www.ttc-darmstadt.de\/blog\/wp-json\/wp\/v2\/tags?post=2047"}],"curies":[{"name":"wp","href":"https:\/\/api.w.org\/{rel}","templated":true}]}}