{"id":2011,"date":"2014-07-21T21:52:26","date_gmt":"2014-07-21T19:52:26","guid":{"rendered":"http:\/\/www.ttc-darmstadt.de\/?p=2011"},"modified":"2014-07-21T21:52:26","modified_gmt":"2014-07-21T19:52:26","slug":"ttc-jugend-mit-trainingslager-in-die-sommerpause","status":"publish","type":"post","link":"https:\/\/www.ttc-darmstadt.de\/blog\/ttc-jugend-mit-trainingslager-in-die-sommerpause\/","title":{"rendered":"TTC-Jugend mit Trainingslager in die Sommerpause"},"content":{"rendered":"<p>Vom 28.06.-29.06 haben beim TTC ca. 25 Kinder- und Jugendliche aus den Nachwuchstrainingsgruppen am 2-t\u00e4gigen Wochenendtrainingslager teilgenommen. Dabei konnten wir auf die Hilfe der Trainer Marc, Horst, Thomas, Sebastian, Pierre und Max zur\u00fcckgreifen.<\/p>\n<p>Neben \u00dcbungen zur Technikvertiefung wurde Wert auf Ausdauer- und Kr\u00e4ftigungs\u00fcbungen gelegt. Besonders unsere Kleinen nahmen an letzteren zun\u00e4chst mit wenig Begeisterung teil. Insgesamt sind wir mit dem Einsatz aller Spieler aber zufrieden. Immerhin galt es an 2 Tagen jeweils 2&#215;2 h\u00a0 k\u00f6rperlich und geistig fit zu sein.<\/p>\n<p>Wolfgang und Brigitte haben am Sonnabend die Mittags-und Abendverpflegung im Rahmen des TTC-Sommerfestes, sowie Sonntagfr\u00fch und -mittag f\u00fcr Kinder und Trainer \u00fcbernommen.<\/p>\n<p>Das Besondere beim 2. Trainingswochenende war, dass wir nach dem Training gemeinsam im TTC-Clubheim einen Film gesehen und dann auch dort \u00fcbernachtet haben. Der gemeinsame Morgensport war f\u00fcr die meisten sicher eine neue Erfahrung.<\/p>\n<p>Als Jugendleiter m\u00f6chten wir uns bei allen Beteiligten f\u00fcr Teilnahme, und Unterst\u00fctzung bedanken.<\/p>\n","protected":false},"excerpt":{"rendered":"<p>Vom 28.06.-29.06 haben beim TTC ca. 25 Kinder- und Jugendliche aus den Nachwuchstrainingsgruppen am 2-t\u00e4gigen Wochenendtrainingslager teilgenommen. Dabei konnten wir auf die Hilfe der Trainer Marc, Horst, Thomas, Sebastian, Pierre [&hellip;]<\/p>\n","protected":false},"author":2,"featured_media":0,"comment_status":"closed","ping_status":"closed","sticky":false,"template":"","format":"standard","meta":{"ngg_post_thumbnail":0,"footnotes":""},"categories":[3,6,1],"tags":[54,109],"class_list":["post-2011","post","type-post","status-publish","format-standard","hentry","category-nachwuchs","category-termin","category-verein","tag-trainingslager","tag-trainingswochende"],"_links":{"self":[{"href":"https:\/\/www.ttc-darmstadt.de\/blog\/wp-json\/wp\/v2\/posts\/2011","targetHints":{"allow":["GET"]}}],"collection":[{"href":"https:\/\/www.ttc-darmstadt.de\/blog\/wp-json\/wp\/v2\/posts"}],"about":[{"href":"https:\/\/www.ttc-darmstadt.de\/blog\/wp-json\/wp\/v2\/types\/post"}],"author":[{"embeddable":true,"href":"https:\/\/www.ttc-darmstadt.de\/blog\/wp-json\/wp\/v2\/users\/2"}],"replies":[{"embeddable":true,"href":"https:\/\/www.ttc-darmstadt.de\/blog\/wp-json\/wp\/v2\/comments?post=2011"}],"version-history":[{"count":1,"href":"https:\/\/www.ttc-darmstadt.de\/blog\/wp-json\/wp\/v2\/posts\/2011\/revisions"}],"predecessor-version":[{"id":2012,"href":"https:\/\/www.ttc-darmstadt.de\/blog\/wp-json\/wp\/v2\/posts\/2011\/revisions\/2012"}],"wp:attachment":[{"href":"https:\/\/www.ttc-darmstadt.de\/blog\/wp-json\/wp\/v2\/media?parent=2011"}],"wp:term":[{"taxonomy":"category","embeddable":true,"href":"https:\/\/www.ttc-darmstadt.de\/blog\/wp-json\/wp\/v2\/categories?post=2011"},{"taxonomy":"post_tag","embeddable":true,"href":"https:\/\/www.ttc-darmstadt.de\/blog\/wp-json\/wp\/v2\/tags?post=2011"}],"curies":[{"name":"wp","href":"https:\/\/api.w.org\/{rel}","templated":true}]}}