{"id":1977,"date":"2014-06-27T15:42:03","date_gmt":"2014-06-27T13:42:03","guid":{"rendered":"http:\/\/www.ttc-darmstadt.de\/?p=1977"},"modified":"2014-06-27T16:07:13","modified_gmt":"2014-06-27T14:07:13","slug":"ttc-spieler-beim-stadtlauf","status":"publish","type":"post","link":"https:\/\/www.ttc-darmstadt.de\/blog\/ttc-spieler-beim-stadtlauf\/","title":{"rendered":"TTC-Spieler beim Stadtlauf"},"content":{"rendered":"<p>\u00a0<img loading=\"lazy\" decoding=\"async\" class=\"size-medium wp-image-1981 alignright\" src=\"http:\/\/www.ttc-darmstadt.de\/wp-content\/uploads\/2014\/06\/IMG_1796_web-300x225.jpg\" alt=\"IMG_1796_web\" width=\"300\" height=\"225\" srcset=\"https:\/\/www.ttc-darmstadt.de\/blog\/wp-content\/uploads\/2014\/06\/IMG_1796_web-300x225.jpg 300w, https:\/\/www.ttc-darmstadt.de\/blog\/wp-content\/uploads\/2014\/06\/IMG_1796_web-150x112.jpg 150w, https:\/\/www.ttc-darmstadt.de\/blog\/wp-content\/uploads\/2014\/06\/IMG_1796_web.jpg 912w\" sizes=\"auto, (max-width: 300px) 100vw, 300px\" \/> <img loading=\"lazy\" decoding=\"async\" class=\"size-medium wp-image-1982 alignright\" src=\"http:\/\/www.ttc-darmstadt.de\/wp-content\/uploads\/2014\/06\/IMG_1797_web-300x225.jpg\" alt=\"IMG_1797_web\" width=\"300\" height=\"225\" srcset=\"https:\/\/www.ttc-darmstadt.de\/blog\/wp-content\/uploads\/2014\/06\/IMG_1797_web-300x225.jpg 300w, https:\/\/www.ttc-darmstadt.de\/blog\/wp-content\/uploads\/2014\/06\/IMG_1797_web-150x112.jpg 150w, https:\/\/www.ttc-darmstadt.de\/blog\/wp-content\/uploads\/2014\/06\/IMG_1797_web.jpg 912w\" sizes=\"auto, (max-width: 300px) 100vw, 300px\" \/> <img loading=\"lazy\" decoding=\"async\" class=\"size-medium wp-image-1983 alignright\" src=\"http:\/\/www.ttc-darmstadt.de\/wp-content\/uploads\/2014\/06\/IMG_1799_web-300x225.jpg\" alt=\"IMG_1799_web\" width=\"300\" height=\"225\" srcset=\"https:\/\/www.ttc-darmstadt.de\/blog\/wp-content\/uploads\/2014\/06\/IMG_1799_web-300x225.jpg 300w, https:\/\/www.ttc-darmstadt.de\/blog\/wp-content\/uploads\/2014\/06\/IMG_1799_web-150x112.jpg 150w, https:\/\/www.ttc-darmstadt.de\/blog\/wp-content\/uploads\/2014\/06\/IMG_1799_web.jpg 912w\" sizes=\"auto, (max-width: 300px) 100vw, 300px\" \/> <img loading=\"lazy\" decoding=\"async\" class=\"size-medium wp-image-1984 alignright\" src=\"http:\/\/www.ttc-darmstadt.de\/wp-content\/uploads\/2014\/06\/IMG_1800_web-300x225.jpg\" alt=\"IMG_1800_web\" width=\"300\" height=\"225\" srcset=\"https:\/\/www.ttc-darmstadt.de\/blog\/wp-content\/uploads\/2014\/06\/IMG_1800_web-300x225.jpg 300w, https:\/\/www.ttc-darmstadt.de\/blog\/wp-content\/uploads\/2014\/06\/IMG_1800_web-150x112.jpg 150w, https:\/\/www.ttc-darmstadt.de\/blog\/wp-content\/uploads\/2014\/06\/IMG_1800_web.jpg 912w\" sizes=\"auto, (max-width: 300px) 100vw, 300px\" \/> <img loading=\"lazy\" decoding=\"async\" class=\"size-medium wp-image-1985 alignright\" src=\"http:\/\/www.ttc-darmstadt.de\/wp-content\/uploads\/2014\/06\/IMG_1801_web-300x225.jpg\" alt=\"IMG_1801_web\" width=\"300\" height=\"225\" srcset=\"https:\/\/www.ttc-darmstadt.de\/blog\/wp-content\/uploads\/2014\/06\/IMG_1801_web-300x225.jpg 300w, https:\/\/www.ttc-darmstadt.de\/blog\/wp-content\/uploads\/2014\/06\/IMG_1801_web-150x112.jpg 150w, https:\/\/www.ttc-darmstadt.de\/blog\/wp-content\/uploads\/2014\/06\/IMG_1801_web.jpg 912w\" sizes=\"auto, (max-width: 300px) 100vw, 300px\" \/>Mit 5 Spielern hat der 1. TTC Darmstadt am Mittwoch, 25.06.2014 erstmals am <a href=\"http:\/\/www.ttc-darmstadt.de\/wp-content\/uploads\/2014\/06\/IMG_1793_web.jpg\"><img loading=\"lazy\" decoding=\"async\" class=\"size-medium wp-image-1979 alignright\" src=\"http:\/\/www.ttc-darmstadt.de\/wp-content\/uploads\/2014\/06\/IMG_1793_web-300x225.jpg\" alt=\"IMG_1793_web\" width=\"300\" height=\"225\" srcset=\"https:\/\/www.ttc-darmstadt.de\/blog\/wp-content\/uploads\/2014\/06\/IMG_1793_web-300x225.jpg 300w, https:\/\/www.ttc-darmstadt.de\/blog\/wp-content\/uploads\/2014\/06\/IMG_1793_web-150x112.jpg 150w, https:\/\/www.ttc-darmstadt.de\/blog\/wp-content\/uploads\/2014\/06\/IMG_1793_web.jpg 912w\" sizes=\"auto, (max-width: 300px) 100vw, 300px\" \/><\/a>Stadtlauf in Darmstadt teilgenommen und damit auch etwas f\u00fcr die Grundlagenausdauer getan, die auch beim Tischtennis\u00a0n\u00f6tig ist.<\/p>\n<p>Darunter waren 3 unserer j\u00fcngsten, die sich f\u00fcr diesen Lauf\u00a0mit ihren Eltern vorbereitet\u00a0haben. Dennis und Mia Leibk\u00fcchler starteten \u00fcber 1,3 km beim Bambinilauf; Till nahm bei der Sch\u00fcler-Challenge II die 2 km in Angriff. Au\u00dferdem starteten Patrick Flach, Thomas Eichhorn aus den Herrenmannschaften und einer unserer Trainer Sebastian Oehlmann \u00fcber 5 km in der Men\u00b4s Challenge.<\/p>\n<p>Detailierte Ergebnisse und Zieleinlauf\u00a0k\u00f6nnen hier nachgesehen werden: <a title=\"Ergebnisse, Stadtlauf\" href=\"http:\/\/www.trackmyrace.com\/running\/event-zone\/event\/darmstaedter-stadtlauf\/results\/\" target=\"_blank\">Ergebnisse<\/a><\/p>\n<p>Wie auf den Bildern zu sehen, hatten alle\u00a0Nachwuchsspieler viel Spa\u00df und haben ihre Teilnahme im n\u00e4chsten Jahr zumindest im Auge&#8230; Der TTC hofft, dass sich weitere Spieler zum Start am 24.06.2015\u00a0motivieren lassen.<\/p>\n<p>&nbsp;<\/p>\n","protected":false},"excerpt":{"rendered":"<p>\u00a0 Mit 5 Spielern hat der 1. TTC Darmstadt am Mittwoch, 25.06.2014 erstmals am Stadtlauf in Darmstadt teilgenommen und damit auch etwas f\u00fcr die Grundlagenausdauer getan, die auch beim Tischtennis\u00a0n\u00f6tig [&hellip;]<\/p>\n","protected":false},"author":2,"featured_media":1984,"comment_status":"open","ping_status":"closed","sticky":false,"template":"","format":"gallery","meta":{"ngg_post_thumbnail":0,"footnotes":""},"categories":[3,6,1],"tags":[102,106],"class_list":["post-1977","post","type-post","status-publish","format-gallery","has-post-thumbnail","hentry","category-nachwuchs","category-termin","category-verein","tag-102","tag-stadtlauf-darmstadt","post_format-post-format-gallery"],"_links":{"self":[{"href":"https:\/\/www.ttc-darmstadt.de\/blog\/wp-json\/wp\/v2\/posts\/1977","targetHints":{"allow":["GET"]}}],"collection":[{"href":"https:\/\/www.ttc-darmstadt.de\/blog\/wp-json\/wp\/v2\/posts"}],"about":[{"href":"https:\/\/www.ttc-darmstadt.de\/blog\/wp-json\/wp\/v2\/types\/post"}],"author":[{"embeddable":true,"href":"https:\/\/www.ttc-darmstadt.de\/blog\/wp-json\/wp\/v2\/users\/2"}],"replies":[{"embeddable":true,"href":"https:\/\/www.ttc-darmstadt.de\/blog\/wp-json\/wp\/v2\/comments?post=1977"}],"version-history":[{"count":7,"href":"https:\/\/www.ttc-darmstadt.de\/blog\/wp-json\/wp\/v2\/posts\/1977\/revisions"}],"predecessor-version":[{"id":1992,"href":"https:\/\/www.ttc-darmstadt.de\/blog\/wp-json\/wp\/v2\/posts\/1977\/revisions\/1992"}],"wp:featuredmedia":[{"embeddable":true,"href":"https:\/\/www.ttc-darmstadt.de\/blog\/wp-json\/wp\/v2\/media\/1984"}],"wp:attachment":[{"href":"https:\/\/www.ttc-darmstadt.de\/blog\/wp-json\/wp\/v2\/media?parent=1977"}],"wp:term":[{"taxonomy":"category","embeddable":true,"href":"https:\/\/www.ttc-darmstadt.de\/blog\/wp-json\/wp\/v2\/categories?post=1977"},{"taxonomy":"post_tag","embeddable":true,"href":"https:\/\/www.ttc-darmstadt.de\/blog\/wp-json\/wp\/v2\/tags?post=1977"}],"curies":[{"name":"wp","href":"https:\/\/api.w.org\/{rel}","templated":true}]}}