{"id":1942,"date":"2014-05-06T15:19:00","date_gmt":"2014-05-06T13:19:00","guid":{"rendered":"http:\/\/www.ttc-darmstadt.de\/?p=1942"},"modified":"2015-02-01T20:01:56","modified_gmt":"2015-02-01T18:01:56","slug":"irische-gefuehle-beim-1-ttc-in-der-heimstaettensiedlung","status":"publish","type":"post","link":"https:\/\/www.ttc-darmstadt.de\/blog\/irische-gefuehle-beim-1-ttc-in-der-heimstaettensiedlung\/","title":{"rendered":"Irische Gef\u00fchle beim 1. TTC in der Heimst\u00e4ttensiedlung"},"content":{"rendered":"<p><a href=\"http:\/\/www.ttc-darmstadt.de\/wp-content\/uploads\/2014\/05\/SAM_6273.jpg\"><img loading=\"lazy\" decoding=\"async\" class=\"alignleft size-medium wp-image-1943\" src=\"http:\/\/www.ttc-darmstadt.de\/wp-content\/uploads\/2014\/05\/SAM_6273-300x168.jpg\" alt=\"\" width=\"300\" height=\"168\" srcset=\"https:\/\/www.ttc-darmstadt.de\/blog\/wp-content\/uploads\/2014\/05\/SAM_6273-300x168.jpg 300w, https:\/\/www.ttc-darmstadt.de\/blog\/wp-content\/uploads\/2014\/05\/SAM_6273-150x84.jpg 150w, https:\/\/www.ttc-darmstadt.de\/blog\/wp-content\/uploads\/2014\/05\/SAM_6273-1024x576.jpg 1024w, https:\/\/www.ttc-darmstadt.de\/blog\/wp-content\/uploads\/2014\/05\/SAM_6273.jpg 1920w\" sizes=\"auto, (max-width: 300px) 100vw, 300px\" \/><\/a>Als ich am 1. Mai morgens aufstand, war meine Welt noch in Ordnung. Das Wetter war zwar nicht wie gew\u00fcnscht sonnig, aber zumindest war es trocken.<br \/>\nDurch einen Anruf schon vorgewarnt, kam ich ins Clubheim. Wolfgang hatte Probleme mit dem Kreislauf und musste erst einmal zum \u00e4rztlichen Notdienst. Holger hat das dankenswerterweise \u00fcbernommen. Zwei Leute, die beim Aufbau fehlten. Und dann fing es auch noch an, richtig heftig zu regnen und es sah nicht so aus, als sollte es nur ein kurzer Schauer sein. Als dann die Musiker kamen und sich verst\u00e4ndlicherweise dagegen aussprachen Instrumente und Equipment wegen der Feuchtigkeit im Freien aufzubauen, war Improvisation angesagt.<\/p>\n<p>Meine Welt war nicht mehr in Ordnung<\/p>\n<p>Spontan haben wir die Bestuhlung im Clubheim umgebaut und Platz f\u00fcr die Musiker geschafft. Fenster auf, Lautsprecher nach au\u00dfen. Aber: wer setzt sich denn ins Freie, zwar unter die vorsorglich aufgebauten Zelte aber immerhin noch bei Regen, wenn die Musik drinnen spielt?<br \/>\nDas war es dann wohl, ging es mir durch den Kopf. Monatelange Vorarbeiten und Planungen umsonst? Augen zu und durch. Machen wir das Beste draus.<\/p>\n<p>Und nun zeigt sich, dass der Herrgott die Siedler in sein Herz geschlossen hat. Denn p\u00fcnktlich zum Start um 11.00 Uhr h\u00f6rte es auf zu regnen. Holger und Wolfgang waren auch wieder zur\u00fcck Es konnte jetzt losgehen.<\/p>\n<p>Meine Welt war wieder in Ordnung.<\/p>\n<p>Innerhalb k\u00fcrzester Zeit f\u00fcllte sich nicht nur das Clubheim, sondern auch die Freifl\u00e4che mit Besuchern. Unsere schlimmsten Bef\u00fcrchtungen waren vergessen. Die Besucher f\u00fchlten sich wohl, hatten Spa\u00df an der irischen Musik, hatten gen\u00fcgend Hunger, Durst und gute Laune mitgebracht und machten dadurch den 1. Mai zu einem richtig sch\u00f6nen Tag.<\/p>\n<p>Und wie schon im letzten Jahr, mussten wir wieder auf die ganz spontane Hilfe vieler freiwilliger Helfer zur\u00fcckgreifen. Es war einfach super.<\/p>\n<p>Erst am n\u00e4chsten Nachmittag, als alle Tische und B\u00e4nke wegger\u00e4umt, die Zelte abgebaut wa-ren und alles sauber war, fing es wieder an zu regnen.<\/p>\n<p>Mir hat es gefallen und Euch hoffentlich auch.<\/p>\n<p>B. S.<\/p>\n","protected":false},"excerpt":{"rendered":"<p>Als ich am 1. Mai morgens aufstand, war meine Welt noch in Ordnung. Das Wetter war zwar nicht wie gew\u00fcnscht sonnig, aber zumindest war es trocken. Durch einen Anruf schon [&hellip;]<\/p>\n","protected":false},"author":2,"featured_media":2234,"comment_status":"open","ping_status":"closed","sticky":false,"template":"","format":"standard","meta":{"ngg_post_thumbnail":0,"footnotes":""},"categories":[6,1],"tags":[45,102,39,103],"class_list":["post-1942","post","type-post","status-publish","format-standard","has-post-thumbnail","hentry","category-termin","category-verein","tag-1-mai","tag-102","tag-fruhschoppen","tag-heebie-jeebies"],"_links":{"self":[{"href":"https:\/\/www.ttc-darmstadt.de\/blog\/wp-json\/wp\/v2\/posts\/1942","targetHints":{"allow":["GET"]}}],"collection":[{"href":"https:\/\/www.ttc-darmstadt.de\/blog\/wp-json\/wp\/v2\/posts"}],"about":[{"href":"https:\/\/www.ttc-darmstadt.de\/blog\/wp-json\/wp\/v2\/types\/post"}],"author":[{"embeddable":true,"href":"https:\/\/www.ttc-darmstadt.de\/blog\/wp-json\/wp\/v2\/users\/2"}],"replies":[{"embeddable":true,"href":"https:\/\/www.ttc-darmstadt.de\/blog\/wp-json\/wp\/v2\/comments?post=1942"}],"version-history":[{"count":4,"href":"https:\/\/www.ttc-darmstadt.de\/blog\/wp-json\/wp\/v2\/posts\/1942\/revisions"}],"predecessor-version":[{"id":2235,"href":"https:\/\/www.ttc-darmstadt.de\/blog\/wp-json\/wp\/v2\/posts\/1942\/revisions\/2235"}],"wp:featuredmedia":[{"embeddable":true,"href":"https:\/\/www.ttc-darmstadt.de\/blog\/wp-json\/wp\/v2\/media\/2234"}],"wp:attachment":[{"href":"https:\/\/www.ttc-darmstadt.de\/blog\/wp-json\/wp\/v2\/media?parent=1942"}],"wp:term":[{"taxonomy":"category","embeddable":true,"href":"https:\/\/www.ttc-darmstadt.de\/blog\/wp-json\/wp\/v2\/categories?post=1942"},{"taxonomy":"post_tag","embeddable":true,"href":"https:\/\/www.ttc-darmstadt.de\/blog\/wp-json\/wp\/v2\/tags?post=1942"}],"curies":[{"name":"wp","href":"https:\/\/api.w.org\/{rel}","templated":true}]}}