{"id":1876,"date":"2014-03-12T16:19:46","date_gmt":"2014-03-12T14:19:46","guid":{"rendered":"http:\/\/www.ttc-darmstadt.de\/?p=1876"},"modified":"2014-03-12T16:19:46","modified_gmt":"2014-03-12T14:19:46","slug":"dritte-mueht-sich-zum-derbysieg-gegen-starke-98er","status":"publish","type":"post","link":"https:\/\/www.ttc-darmstadt.de\/blog\/dritte-mueht-sich-zum-derbysieg-gegen-starke-98er\/","title":{"rendered":"Dritte m\u00fcht sich zum Derbysieg gegen starke 98er"},"content":{"rendered":"<p>Am Dienstag hat die dritte Mannschaft mit einem knappen 9:7 (33:28)-Heimsieg gegen starke 98er den Relegationsplatz in die Kreisliga erfolgreich verteidigt.<\/p>\n<p>Nach 3,5 h sicherten Dieter Lens und Philipp Hedrich durch den ersten Schlussdoppelsieg in dieser Saison 2 wichtige Punkte. Die f\u00fcnfte Mannschaft des SV Darmstadt 98 steht auf dem ersten Abstiegsplatz, hatte sich aber zur R\u00fcckrunde mit Sch\u00fcttler und Brehm verst\u00e4rkt. Erstamls in der R\u00fcckrunde trat auch die Nummer 2, Schneider, an, sodass trotz eigener Bestbesetzung kein leichtes Spiel zu erwarten war.<\/p>\n<p>\u00dcberragend war an diesem Abend Dieter Lens mit 2 Einzel- und Doppelsiegen und offensivem Angriffsspiel. 3 wichtige Punkte lieferte auch Holger Flach im Einzel und Doppel, w\u00e4hrend die sonst starke Mitte mit Stephan Messinesis und Thomas Eichhorn\u00a0an der guten Vorhand von Mykhailo Reidman scheiterten.<\/p>\n<p>Der TTC bleibt 2 Punkte vor dem n\u00e4chsten Verfolger aus Wixhausen und erh\u00e4lt sich alle Chancen zur <strong>Relegationsteilnahme am 10.\/11.05.2014<\/strong><\/p>\n","protected":false},"excerpt":{"rendered":"<p>Am Dienstag hat die dritte Mannschaft mit einem knappen 9:7 (33:28)-Heimsieg gegen starke 98er den Relegationsplatz in die Kreisliga erfolgreich verteidigt. Nach 3,5 h sicherten Dieter Lens und Philipp Hedrich [&hellip;]<\/p>\n","protected":false},"author":2,"featured_media":0,"comment_status":"open","ping_status":"closed","sticky":false,"template":"","format":"standard","meta":{"ngg_post_thumbnail":0,"footnotes":""},"categories":[17,5],"tags":[57,58,92,11],"class_list":["post-1876","post","type-post","status-publish","format-standard","hentry","category-mannschaft3","category-wettkampf","tag-1-kreisklasse","tag-58","tag-sv-darmstadt-98-v","tag-ttc3"],"_links":{"self":[{"href":"https:\/\/www.ttc-darmstadt.de\/blog\/wp-json\/wp\/v2\/posts\/1876","targetHints":{"allow":["GET"]}}],"collection":[{"href":"https:\/\/www.ttc-darmstadt.de\/blog\/wp-json\/wp\/v2\/posts"}],"about":[{"href":"https:\/\/www.ttc-darmstadt.de\/blog\/wp-json\/wp\/v2\/types\/post"}],"author":[{"embeddable":true,"href":"https:\/\/www.ttc-darmstadt.de\/blog\/wp-json\/wp\/v2\/users\/2"}],"replies":[{"embeddable":true,"href":"https:\/\/www.ttc-darmstadt.de\/blog\/wp-json\/wp\/v2\/comments?post=1876"}],"version-history":[{"count":1,"href":"https:\/\/www.ttc-darmstadt.de\/blog\/wp-json\/wp\/v2\/posts\/1876\/revisions"}],"predecessor-version":[{"id":1877,"href":"https:\/\/www.ttc-darmstadt.de\/blog\/wp-json\/wp\/v2\/posts\/1876\/revisions\/1877"}],"wp:attachment":[{"href":"https:\/\/www.ttc-darmstadt.de\/blog\/wp-json\/wp\/v2\/media?parent=1876"}],"wp:term":[{"taxonomy":"category","embeddable":true,"href":"https:\/\/www.ttc-darmstadt.de\/blog\/wp-json\/wp\/v2\/categories?post=1876"},{"taxonomy":"post_tag","embeddable":true,"href":"https:\/\/www.ttc-darmstadt.de\/blog\/wp-json\/wp\/v2\/tags?post=1876"}],"curies":[{"name":"wp","href":"https:\/\/api.w.org\/{rel}","templated":true}]}}