{"id":1872,"date":"2014-03-10T00:03:32","date_gmt":"2014-03-09T22:03:32","guid":{"rendered":"http:\/\/www.ttc-darmstadt.de\/?p=1872"},"modified":"2014-04-27T22:09:06","modified_gmt":"2014-04-27T20:09:06","slug":"kreisendrangliste-in-darmstadt-1-4-platz-sowie-start-in-neue-altersklasse","status":"publish","type":"post","link":"https:\/\/www.ttc-darmstadt.de\/blog\/kreisendrangliste-in-darmstadt-1-4-platz-sowie-start-in-neue-altersklasse\/","title":{"rendered":"Kreisendrangliste in Darmstadt: 1., 4. Platz sowie Start in neue Altersklasse"},"content":{"rendered":"<p>Bei den am 08. und 09. M\u00e4rz in Arheilgen stattgefundenen Kreisendrangliste erreichte Nils Sch\u00e4fer vom TTC bei den B-Sch\u00fclern ohne Niederlage das oberste Treppchen. Ein kurzes mentales und emotionales Tief Mitte des zweiten Tages konnte Nils mit Hilfe seiner Eltern \u00fcberwinden und dann wieder effektiv Tischtennis spielen.<\/p>\n<p>Ebenfalls \u00fcberaus erfolgreich war Marco Schreibweis. Nachdem er im letzten Jahr mit Erk\u00e4ltung auf dem 13 Platz landete, reichte die 12:3 Bilanzbei den A-Sch\u00fclern zum 4. Platz, punktgleich mit dem Drittplatzierten Falco Ratmann. Variable Aufschl\u00e4gen und guter Einsatz, der nur von kurzen Unsicherheiten unterbrochen wurde, waren seine Erfolgsfaktoren.<\/p>\n<p>F\u00fcr unsere Spieler Magnus M\u00fcnzer und Niklas Sch\u00e4fer, die erstmals im Jugendturnier starteten, war die Rangliste in erster Linie eine Lehrveranstaltung. Sogar von Tag 1 zu Tag 2 war eine ansteigende Lernkurve erkennbar: Auf unseren Fotos wurde schon wieder gelacht, nachdem am Ende des ersten Tages noch Stimmung und Motivation im Keller waren.<\/p>\n<p>Dank geht an alle Betreuer, Tippgeber, Aufmunterer und Motivatoren.<\/p>\n<p>Nils und Marco sind f\u00fcr die Bezirksrangliste qualifiziert.<\/p>\n<p><a href=\"http:\/\/www.ttc-darmstadt.de\/wp-content\/uploads\/2014\/03\/A-Sch\u00fcler.jpg\"><img loading=\"lazy\" decoding=\"async\" src=\"http:\/\/www.ttc-darmstadt.de\/wp-content\/uploads\/2014\/03\/A-Sch\u00fcler-300x225.jpg\" alt=\"A-Sch\u00fcler\" width=\"300\" height=\"225\" class=\"alignleft size-medium wp-image-1932\" srcset=\"https:\/\/www.ttc-darmstadt.de\/blog\/wp-content\/uploads\/2014\/03\/A-Sch\u00fcler-300x225.jpg 300w, https:\/\/www.ttc-darmstadt.de\/blog\/wp-content\/uploads\/2014\/03\/A-Sch\u00fcler-150x112.jpg 150w, https:\/\/www.ttc-darmstadt.de\/blog\/wp-content\/uploads\/2014\/03\/A-Sch\u00fcler.jpg 640w\" sizes=\"auto, (max-width: 300px) 100vw, 300px\" \/><\/a><br \/>\n<a href=\"http:\/\/www.ttc-darmstadt.de\/wp-content\/uploads\/2014\/03\/IMG_1690klein.jpg\"><img loading=\"lazy\" decoding=\"async\" src=\"http:\/\/www.ttc-darmstadt.de\/wp-content\/uploads\/2014\/03\/IMG_1690klein-300x216.jpg\" alt=\"IMG_1690klein\" width=\"300\" height=\"216\" class=\"alignleft size-medium wp-image-1933\" srcset=\"https:\/\/www.ttc-darmstadt.de\/blog\/wp-content\/uploads\/2014\/03\/IMG_1690klein-300x216.jpg 300w, https:\/\/www.ttc-darmstadt.de\/blog\/wp-content\/uploads\/2014\/03\/IMG_1690klein-150x108.jpg 150w, https:\/\/www.ttc-darmstadt.de\/blog\/wp-content\/uploads\/2014\/03\/IMG_1690klein.jpg 640w\" sizes=\"auto, (max-width: 300px) 100vw, 300px\" \/><\/a><\/p>\n","protected":false},"excerpt":{"rendered":"<p>Bei den am 08. und 09. M\u00e4rz in Arheilgen stattgefundenen Kreisendrangliste erreichte Nils Sch\u00e4fer vom TTC bei den B-Sch\u00fclern ohne Niederlage das oberste Treppchen. Ein kurzes mentales und emotionales Tief [&hellip;]<\/p>\n","protected":false},"author":2,"featured_media":0,"comment_status":"open","ping_status":"closed","sticky":false,"template":"","format":"standard","meta":{"ngg_post_thumbnail":0,"footnotes":""},"categories":[3,53,1,5],"tags":[91],"class_list":["post-1872","post","type-post","status-publish","format-standard","hentry","category-nachwuchs","category-turnier","category-verein","category-wettkampf","tag-kreisendrangliste"],"_links":{"self":[{"href":"https:\/\/www.ttc-darmstadt.de\/blog\/wp-json\/wp\/v2\/posts\/1872","targetHints":{"allow":["GET"]}}],"collection":[{"href":"https:\/\/www.ttc-darmstadt.de\/blog\/wp-json\/wp\/v2\/posts"}],"about":[{"href":"https:\/\/www.ttc-darmstadt.de\/blog\/wp-json\/wp\/v2\/types\/post"}],"author":[{"embeddable":true,"href":"https:\/\/www.ttc-darmstadt.de\/blog\/wp-json\/wp\/v2\/users\/2"}],"replies":[{"embeddable":true,"href":"https:\/\/www.ttc-darmstadt.de\/blog\/wp-json\/wp\/v2\/comments?post=1872"}],"version-history":[{"count":4,"href":"https:\/\/www.ttc-darmstadt.de\/blog\/wp-json\/wp\/v2\/posts\/1872\/revisions"}],"predecessor-version":[{"id":1934,"href":"https:\/\/www.ttc-darmstadt.de\/blog\/wp-json\/wp\/v2\/posts\/1872\/revisions\/1934"}],"wp:attachment":[{"href":"https:\/\/www.ttc-darmstadt.de\/blog\/wp-json\/wp\/v2\/media?parent=1872"}],"wp:term":[{"taxonomy":"category","embeddable":true,"href":"https:\/\/www.ttc-darmstadt.de\/blog\/wp-json\/wp\/v2\/categories?post=1872"},{"taxonomy":"post_tag","embeddable":true,"href":"https:\/\/www.ttc-darmstadt.de\/blog\/wp-json\/wp\/v2\/tags?post=1872"}],"curies":[{"name":"wp","href":"https:\/\/api.w.org\/{rel}","templated":true}]}}