{"id":1722,"date":"2013-12-16T17:13:39","date_gmt":"2013-12-16T15:13:39","guid":{"rendered":"http:\/\/www.ttc-darmstadt.de\/?p=1722"},"modified":"2013-12-16T17:17:11","modified_gmt":"2013-12-16T15:17:11","slug":"trainingsbetrieb","status":"publish","type":"post","link":"https:\/\/www.ttc-darmstadt.de\/blog\/trainingsbetrieb\/","title":{"rendered":"Trainingsbetrieb"},"content":{"rendered":"<p>Der letzte Trainingstag\u00a0in diesem Jahr ist der Freitag, 20.12.2013.<\/p>\n<p>Ab Dienstag, 07.01.2014 geht es dann weiter.<\/p>\n<p>Wen es dazwischen in der Hand kribbelt, kann sich mit den bekannten Spielern zum Training bei unseren befreundeten Vereinen zusammentun.<\/p>\n<p>&nbsp;<\/p>\n<p>Am vergangenen Sonnabend haben Wolfgang, Wolfram, Brigitte, Berndt und Thomas der Dunkelheit in unserer Halle ein Ende bereitet, nachdem es bereits Einschr\u00e4nkungen im Spiel- und Trainingsbetrieb hinzunehmen gab. Mit dem freundlicherweise zur Verf\u00fcgung gestelleten Ger\u00fcst\u00a0konnten alle Starter der Halogenr\u00f6hren in ihren Ausgangzustand versetzt werden. Bei der Gelegenheit sind au\u00dferdem einige defekte R\u00f6hren ausgetauscht und die Lampenandeckungen gereinigt worden.<\/p>\n<p>\u00a0Sonnenbrille absofort nicht vergessen \ud83d\ude1b<\/p>\n","protected":false},"excerpt":{"rendered":"<p>Der letzte Trainingstag\u00a0in diesem Jahr ist der Freitag, 20.12.2013. Ab Dienstag, 07.01.2014 geht es dann weiter. Wen es dazwischen in der Hand kribbelt, kann sich mit den bekannten Spielern zum [&hellip;]<\/p>\n","protected":false},"author":2,"featured_media":0,"comment_status":"closed","ping_status":"closed","sticky":false,"template":"","format":"standard","meta":{"ngg_post_thumbnail":0,"footnotes":""},"categories":[1],"tags":[67,66,65,68],"class_list":["post-1722","post","type-post","status-publish","format-standard","hentry","category-verein","tag-arbeitseinsatz","tag-erster-trainingstag","tag-letzter-trainingstag","tag-turnhalle"],"_links":{"self":[{"href":"https:\/\/www.ttc-darmstadt.de\/blog\/wp-json\/wp\/v2\/posts\/1722","targetHints":{"allow":["GET"]}}],"collection":[{"href":"https:\/\/www.ttc-darmstadt.de\/blog\/wp-json\/wp\/v2\/posts"}],"about":[{"href":"https:\/\/www.ttc-darmstadt.de\/blog\/wp-json\/wp\/v2\/types\/post"}],"author":[{"embeddable":true,"href":"https:\/\/www.ttc-darmstadt.de\/blog\/wp-json\/wp\/v2\/users\/2"}],"replies":[{"embeddable":true,"href":"https:\/\/www.ttc-darmstadt.de\/blog\/wp-json\/wp\/v2\/comments?post=1722"}],"version-history":[{"count":1,"href":"https:\/\/www.ttc-darmstadt.de\/blog\/wp-json\/wp\/v2\/posts\/1722\/revisions"}],"predecessor-version":[{"id":1723,"href":"https:\/\/www.ttc-darmstadt.de\/blog\/wp-json\/wp\/v2\/posts\/1722\/revisions\/1723"}],"wp:attachment":[{"href":"https:\/\/www.ttc-darmstadt.de\/blog\/wp-json\/wp\/v2\/media?parent=1722"}],"wp:term":[{"taxonomy":"category","embeddable":true,"href":"https:\/\/www.ttc-darmstadt.de\/blog\/wp-json\/wp\/v2\/categories?post=1722"},{"taxonomy":"post_tag","embeddable":true,"href":"https:\/\/www.ttc-darmstadt.de\/blog\/wp-json\/wp\/v2\/tags?post=1722"}],"curies":[{"name":"wp","href":"https:\/\/api.w.org\/{rel}","templated":true}]}}