{"id":1684,"date":"2013-12-09T20:39:15","date_gmt":"2013-12-09T18:39:15","guid":{"rendered":"http:\/\/www.ttc-darmstadt.de\/?p=1684"},"modified":"2015-02-01T19:11:43","modified_gmt":"2015-02-01T17:11:43","slug":"kreispokal-zum-1-ttc-darmstadt","status":"publish","type":"post","link":"https:\/\/www.ttc-darmstadt.de\/blog\/kreispokal-zum-1-ttc-darmstadt\/","title":{"rendered":"Kreispokal zum 1. TTC Darmstadt"},"content":{"rendered":"<p>Nach 1993, damals mit Holger Spie\u00df, Philipp Czechowski und Tobias Karl, holt eine Nachwuchsmannschaft des TTC Darmstadt wieder einen Kreispokal in die Heimst\u00e4ttensiedlung.<\/p>\n<p>In der Kreispokalendrunde am 07.12.2013 in Gr\u00e4fenhausen setzten sich Niklas Sch\u00e4fer, Magnus M\u00fcnzer, Pascal Raths und Nils Sch\u00e4fer im Finale mit 4:3 (16:13) gegen Eppertshausen durch. Die Spieler unserer zweiten Jugendmannschaft lie\u00dfen sich dabei auch vom zwischenzeitlichen 1:3 R\u00fcckstand nicht beirren.<\/p>\n<p>Beachtlich: Eppertshausen hatte im Ligavergleich noch knapp 4:6 gegen den TTC II gewonnen und steht ohne Niederlage an der Tabellenspitze. Jungs, das ist klasse!<\/p>\n<p>Den Weg zum Titel kann man hier nachlesen:<\/p>\n<p><a href=\"http:\/\/httv.click-tt.de\/cgi-bin\/WebObjects\/nuLigaTTDE.woa\/wa\/groupPage?championship=Pokal+K42+13%2F14&amp;group=207900\">Pokalverlauf (clicktt<\/a>)<\/p>\n<p>Der Verein gratuliert und wird den eingeschlagenen Weg der Jugendarbeit best\u00e4rkt fortsetzen.<\/p>\n<p><a href=\"http:\/\/www.ttc-darmstadt.de\/wp-content\/uploads\/2013\/12\/PokalsiegJugend1.jpg\"><img loading=\"lazy\" decoding=\"async\" class=\"alignleft size-medium wp-image-1746\" src=\"http:\/\/www.ttc-darmstadt.de\/wp-content\/uploads\/2013\/12\/PokalsiegJugend1-300x200.jpg\" alt=\"PokalsiegJugend\" width=\"300\" height=\"200\" srcset=\"https:\/\/www.ttc-darmstadt.de\/blog\/wp-content\/uploads\/2013\/12\/PokalsiegJugend1-300x200.jpg 300w, https:\/\/www.ttc-darmstadt.de\/blog\/wp-content\/uploads\/2013\/12\/PokalsiegJugend1-150x100.jpg 150w, https:\/\/www.ttc-darmstadt.de\/blog\/wp-content\/uploads\/2013\/12\/PokalsiegJugend1.jpg 900w\" sizes=\"auto, (max-width: 300px) 100vw, 300px\" \/><\/a><\/p>\n","protected":false},"excerpt":{"rendered":"<p>Nach 1993, damals mit Holger Spie\u00df, Philipp Czechowski und Tobias Karl, holt eine Nachwuchsmannschaft des TTC Darmstadt wieder einen Kreispokal in die Heimst\u00e4ttensiedlung. In der Kreispokalendrunde am 07.12.2013 in Gr\u00e4fenhausen [&hellip;]<\/p>\n","protected":false},"author":2,"featured_media":1746,"comment_status":"open","ping_status":"closed","sticky":false,"template":"","format":"standard","meta":{"ngg_post_thumbnail":0,"footnotes":""},"categories":[3,53,1],"tags":[64,14,63,61,62],"class_list":["post-1684","post","type-post","status-publish","format-standard","has-post-thumbnail","hentry","category-nachwuchs","category-turnier","category-verein","tag-64","tag-jugend","tag-kreisliga","tag-kreispokal","tag-pokalsieger"],"_links":{"self":[{"href":"https:\/\/www.ttc-darmstadt.de\/blog\/wp-json\/wp\/v2\/posts\/1684","targetHints":{"allow":["GET"]}}],"collection":[{"href":"https:\/\/www.ttc-darmstadt.de\/blog\/wp-json\/wp\/v2\/posts"}],"about":[{"href":"https:\/\/www.ttc-darmstadt.de\/blog\/wp-json\/wp\/v2\/types\/post"}],"author":[{"embeddable":true,"href":"https:\/\/www.ttc-darmstadt.de\/blog\/wp-json\/wp\/v2\/users\/2"}],"replies":[{"embeddable":true,"href":"https:\/\/www.ttc-darmstadt.de\/blog\/wp-json\/wp\/v2\/comments?post=1684"}],"version-history":[{"count":6,"href":"https:\/\/www.ttc-darmstadt.de\/blog\/wp-json\/wp\/v2\/posts\/1684\/revisions"}],"predecessor-version":[{"id":2230,"href":"https:\/\/www.ttc-darmstadt.de\/blog\/wp-json\/wp\/v2\/posts\/1684\/revisions\/2230"}],"wp:featuredmedia":[{"embeddable":true,"href":"https:\/\/www.ttc-darmstadt.de\/blog\/wp-json\/wp\/v2\/media\/1746"}],"wp:attachment":[{"href":"https:\/\/www.ttc-darmstadt.de\/blog\/wp-json\/wp\/v2\/media?parent=1684"}],"wp:term":[{"taxonomy":"category","embeddable":true,"href":"https:\/\/www.ttc-darmstadt.de\/blog\/wp-json\/wp\/v2\/categories?post=1684"},{"taxonomy":"post_tag","embeddable":true,"href":"https:\/\/www.ttc-darmstadt.de\/blog\/wp-json\/wp\/v2\/tags?post=1684"}],"curies":[{"name":"wp","href":"https:\/\/api.w.org\/{rel}","templated":true}]}}