{"id":1682,"date":"2013-12-09T20:01:55","date_gmt":"2013-12-09T18:01:55","guid":{"rendered":"http:\/\/www.ttc-darmstadt.de\/?p=1682"},"modified":"2013-12-09T20:01:55","modified_gmt":"2013-12-09T18:01:55","slug":"weihnachtsfeier","status":"publish","type":"post","link":"https:\/\/www.ttc-darmstadt.de\/blog\/weihnachtsfeier\/","title":{"rendered":"Weihnachtsfeier"},"content":{"rendered":"<p>Zur Weihnachtsfeier am vergangenen Sonnabend sind neben aktiven Spielern jeder Mannschaft auch ehemalige Spieler, passive Mitglieder und Freunde gekommen.<\/p>\n<p>Im f\u00f6rmlicheren Teil wurden die langj\u00e4hrige Mitglieder Philipp Cechowski und Gerhard Micke geehrt und mit einem kleinen Geschenk zum Weitermachen ermuntert \ud83d\ude42 Im Anschluss wurden wir bei weihnachlichen Kl\u00e4ngen mit einem 3-Gang-Men\u00fc verw\u00f6hnt und gingen gest\u00e4rkt in die 2. Phase \u00fcber.<\/p>\n<p>Im Zelt vor dem Clubheim kam bei Gl\u00fchwein und N\u00fcssen Weihnachtsmarkt-Atmosph\u00e4re auf. Bis zum sp\u00e4ten Abend wurde erz\u00e4hlt und gelacht. Obwohl wir viel Spa\u00df hatten, w\u00fcnschen wir uns f\u00fcr n\u00e4chstes Jahr noch mehr Teilnehmer.<\/p>\n","protected":false},"excerpt":{"rendered":"<p>Zur Weihnachtsfeier am vergangenen Sonnabend sind neben aktiven Spielern jeder Mannschaft auch ehemalige Spieler, passive Mitglieder und Freunde gekommen. Im f\u00f6rmlicheren Teil wurden die langj\u00e4hrige Mitglieder Philipp Cechowski und Gerhard [&hellip;]<\/p>\n","protected":false},"author":2,"featured_media":0,"comment_status":"closed","ping_status":"closed","sticky":false,"template":"","format":"standard","meta":{"ngg_post_thumbnail":0,"footnotes":""},"categories":[4,6,1],"tags":[],"class_list":["post-1682","post","type-post","status-publish","format-standard","hentry","category-clubheim","category-termin","category-verein"],"_links":{"self":[{"href":"https:\/\/www.ttc-darmstadt.de\/blog\/wp-json\/wp\/v2\/posts\/1682","targetHints":{"allow":["GET"]}}],"collection":[{"href":"https:\/\/www.ttc-darmstadt.de\/blog\/wp-json\/wp\/v2\/posts"}],"about":[{"href":"https:\/\/www.ttc-darmstadt.de\/blog\/wp-json\/wp\/v2\/types\/post"}],"author":[{"embeddable":true,"href":"https:\/\/www.ttc-darmstadt.de\/blog\/wp-json\/wp\/v2\/users\/2"}],"replies":[{"embeddable":true,"href":"https:\/\/www.ttc-darmstadt.de\/blog\/wp-json\/wp\/v2\/comments?post=1682"}],"version-history":[{"count":1,"href":"https:\/\/www.ttc-darmstadt.de\/blog\/wp-json\/wp\/v2\/posts\/1682\/revisions"}],"predecessor-version":[{"id":1683,"href":"https:\/\/www.ttc-darmstadt.de\/blog\/wp-json\/wp\/v2\/posts\/1682\/revisions\/1683"}],"wp:attachment":[{"href":"https:\/\/www.ttc-darmstadt.de\/blog\/wp-json\/wp\/v2\/media?parent=1682"}],"wp:term":[{"taxonomy":"category","embeddable":true,"href":"https:\/\/www.ttc-darmstadt.de\/blog\/wp-json\/wp\/v2\/categories?post=1682"},{"taxonomy":"post_tag","embeddable":true,"href":"https:\/\/www.ttc-darmstadt.de\/blog\/wp-json\/wp\/v2\/tags?post=1682"}],"curies":[{"name":"wp","href":"https:\/\/api.w.org\/{rel}","templated":true}]}}