{"id":1624,"date":"2013-11-18T23:54:35","date_gmt":"2013-11-18T21:54:35","guid":{"rendered":"http:\/\/www.ttc-darmstadt.de\/?p=1624"},"modified":"2013-12-02T15:50:09","modified_gmt":"2013-12-02T13:50:09","slug":"1-ttc-darmstadt-kuert-zum-2-mal-die-mini-meister","status":"publish","type":"post","link":"https:\/\/www.ttc-darmstadt.de\/blog\/1-ttc-darmstadt-kuert-zum-2-mal-die-mini-meister\/","title":{"rendered":"1. TTC Darmstadt k\u00fcrt zum 2. Mal die mini-Meister"},"content":{"rendered":"<p>Am Sonntag, 10. November richtete der 1. TTC Darmstadt in der Turnhalle der Friedrich-Ebert-Schule zum zweiten Mal den Ortsentscheid der Minimeisterschaften im Tischtennis aus.<\/p>\n<p>Zwar war die Beteiligung etwas geringer als noch im Februar, was an der geringeren Pr\u00e4senz der Ausschreibung in der Presse liegen mag, aber es konnten diesmal Sieger in 5 statt 3 Altersklassen gek\u00fcrt werden. Alle Kinder waren hoch motiviert und zeigten vor den Augen von vielen Eltern und Freunden einige gute Ballwechsel.<br \/>\nDie Mitglieder und Freunde des TTC Darmstadt unterst\u00fctzen die Veranstaltung als Schiedsrichter, sowie Organisatoren und sorgten f\u00fcr das leibliche Wohl aller Anwesenden.<\/p>\n<p><a href=\"http:\/\/www.ttc-darmstadt.de\/wp-content\/uploads\/2013\/11\/miniMeisterschaften2013kl3.jpg\"><img loading=\"lazy\" decoding=\"async\" class=\"aligncenter size-medium wp-image-1628\" alt=\"miniMeisterschaften2013kl\" src=\"http:\/\/www.ttc-darmstadt.de\/wp-content\/uploads\/2013\/11\/miniMeisterschaften2013kl3.jpg\" width=\"1\" height=\"1\" \/><\/a><\/p>\n<p>In der Altersklasse 2005 und j\u00fcnger setzte sich bei den M\u00e4dchen TTC-Mitglied Nikita Baghous und bei den Jungs Paul Basenge durch. Jana Jasmin Zeller und mit Felix Gradwohl das zweite TTC-Mitglied gewannen bei den 2003 und 2004 geborenen. Bei den 12- und 13-j\u00e4hrigen Jungs stieg Diego Forte Perozzo auf h\u00e4chste Treppchen.<br \/>\nDie Bestplatzierten haben sich f\u00fcr den Kreisentscheid Darmstadt-Dieburg qualifiziert. Auf www.click-tt.de wird Termin und Ort genannt werden. Bei allen Teilnehmern bedanken wir uns f\u00fcr ein spannendes und faires Turnier.<\/p>\n<p>Wer Lust hat regelm\u00e4\u00dfig zu trainieren, ist in der Heimst\u00e4ttensiedlung beim 1. TTC Darmstadt herzlich willkommen. 4 Lizentrainer vermitteln hier engagierten Kindern und Jugendlichen Technik, Taktik und Kondition. Infos gibt es auf unserer Homepage ttc-darmstadt.de und beim ersten Vorsitzenden Wolfram Sch\u00e4fer (wolfram24.schaefer[at]web.de).<\/p>\n<p>Ergebnis\u00fcbersicht:<br \/>\nJahrgang 2005 und j\u00fcnger M\u00e4dchen:<\/p>\n<div>1. Nikita Baghous<\/div>\n<div>2. Rojan Hafizi<\/div>\n<div>3. Alina Weidner<\/div>\n<div>4. Sarah Faruqui<\/div>\n<div>\u00a0<\/div>\n<div>Jahrgang 2005 und j\u00fcnger Jungen:<\/div>\n<div>1. Paul Bassenge<\/div>\n<div>2. Marvin Shams<\/div>\n<div>3. Khalid Sahraoui<\/div>\n<div>4. Jonah Dockhorn<\/div>\n<div>\u00a0<\/div>\n<div>Jahrgang 2003 und 2004 M\u00e4dchen:<\/div>\n<div>1. Jana Jasmin Zeller<\/div>\n<div>2. Janina Zeller<\/div>\n<div>\u00a0<\/div>\n<div>Jahrgang 2003 und 2004 Jungen:<\/div>\n<div>1. Felix Gradwohl<\/div>\n<div>2. Christian Forte Perozzo<\/div>\n<div>3. Albion Mjeku<\/div>\n<div>4. Mark Krasnianski<\/div>\n<div>\u00a0<\/div>\n<div>Jahrgang 2001 und 2002 Jungen:<\/div>\n<div>1. Diego Forte Perozzo<\/div>\n<div>2. Pascal Kayser<\/div>\n<div>3. Mounir Sahroui<\/div>\n","protected":false},"excerpt":{"rendered":"<p>Am Sonntag, 10. November richtete der 1. TTC Darmstadt in der Turnhalle der Friedrich-Ebert-Schule zum zweiten Mal den Ortsentscheid der Minimeisterschaften im Tischtennis aus. Zwar war die Beteiligung etwas geringer [&hellip;]<\/p>\n","protected":false},"author":2,"featured_media":0,"comment_status":"closed","ping_status":"closed","sticky":false,"template":"","format":"standard","meta":{"ngg_post_thumbnail":0,"footnotes":""},"categories":[3,53,6,1],"tags":[37,60],"class_list":["post-1624","post","type-post","status-publish","format-standard","hentry","category-nachwuchs","category-turnier","category-termin","category-verein","tag-mini-meisterschaft","tag-ortsentscheid"],"_links":{"self":[{"href":"https:\/\/www.ttc-darmstadt.de\/blog\/wp-json\/wp\/v2\/posts\/1624","targetHints":{"allow":["GET"]}}],"collection":[{"href":"https:\/\/www.ttc-darmstadt.de\/blog\/wp-json\/wp\/v2\/posts"}],"about":[{"href":"https:\/\/www.ttc-darmstadt.de\/blog\/wp-json\/wp\/v2\/types\/post"}],"author":[{"embeddable":true,"href":"https:\/\/www.ttc-darmstadt.de\/blog\/wp-json\/wp\/v2\/users\/2"}],"replies":[{"embeddable":true,"href":"https:\/\/www.ttc-darmstadt.de\/blog\/wp-json\/wp\/v2\/comments?post=1624"}],"version-history":[{"count":3,"href":"https:\/\/www.ttc-darmstadt.de\/blog\/wp-json\/wp\/v2\/posts\/1624\/revisions"}],"predecessor-version":[{"id":1671,"href":"https:\/\/www.ttc-darmstadt.de\/blog\/wp-json\/wp\/v2\/posts\/1624\/revisions\/1671"}],"wp:attachment":[{"href":"https:\/\/www.ttc-darmstadt.de\/blog\/wp-json\/wp\/v2\/media?parent=1624"}],"wp:term":[{"taxonomy":"category","embeddable":true,"href":"https:\/\/www.ttc-darmstadt.de\/blog\/wp-json\/wp\/v2\/categories?post=1624"},{"taxonomy":"post_tag","embeddable":true,"href":"https:\/\/www.ttc-darmstadt.de\/blog\/wp-json\/wp\/v2\/tags?post=1624"}],"curies":[{"name":"wp","href":"https:\/\/api.w.org\/{rel}","templated":true}]}}