{"id":1612,"date":"2013-10-31T17:18:02","date_gmt":"2013-10-31T15:18:02","guid":{"rendered":"http:\/\/www.ttc-darmstadt.de\/?p=1612"},"modified":"2013-10-31T17:18:02","modified_gmt":"2013-10-31T15:18:02","slug":"dritte-erobert-relegationsplatz","status":"publish","type":"post","link":"https:\/\/www.ttc-darmstadt.de\/blog\/dritte-erobert-relegationsplatz\/","title":{"rendered":"Dritte erobert Relegationsplatz"},"content":{"rendered":"<p>Durch ein \u00fcberraschend deutliches 9:3 (33:17) gegen die Wixh\u00e4user G\u00e4ste hat sich die Dritte Mannschaft des 1. TTC Darmstadt auf den zweiten Platz der 1. Kreisklasse vorgeschoben.<\/p>\n<p>Durch geschlossen gute Leistungen war der TTC dem Gast \u00fcberlegen. Nur Heinz und Thomas\u00a0unterlagen im Doppel nach 2:0-F\u00fchrung dem Duo Wacker\/Lehr, die nun schon 7 Doppel in Folgen gewannen. In den Einzeln musste sich Heinz in einem schnellen und sehr knappen Spiel im 5. Satz geschlagen geben. Der kr\u00e4nkelnde Dieter hat seine bl\u00fctenwei\u00dfe Weste gegen Corinne Wacker verloren.<\/p>\n<p>Trotz der momentan guten Platzierung sollte im Blick bleiben, dass viele Mannschaften in Ihren Leistungen &#8211; mit Ausnahme der Eberst\u00e4dter &#8211; sehr dicht beeinander sind und daher\u00a0jeder jeden schlagen kann.<\/p>\n<p>Im Anschluss der Partie lie\u00dfen sich die Sieger gern zum Mannschaftsfoto zusammen trommeln. Leider fehlt Holger Flach.<\/p>\n<figure id=\"attachment_1609\" aria-describedby=\"caption-attachment-1609\" style=\"width: 225px\" class=\"wp-caption aligncenter\"><a href=\"http:\/\/www.ttc-darmstadt.de\/wp-content\/uploads\/2013\/02\/IMG_1628.jpg\"><img loading=\"lazy\" decoding=\"async\" class=\"size-medium wp-image-1609\" alt=\"1. TTC Darmstadt III; 2013\/14. Es fehlt: Holger Flach\" src=\"http:\/\/www.ttc-darmstadt.de\/wp-content\/uploads\/2013\/02\/IMG_1628-225x300.jpg\" width=\"225\" height=\"300\" srcset=\"https:\/\/www.ttc-darmstadt.de\/blog\/wp-content\/uploads\/2013\/02\/IMG_1628-225x300.jpg 225w, https:\/\/www.ttc-darmstadt.de\/blog\/wp-content\/uploads\/2013\/02\/IMG_1628-112x150.jpg 112w, https:\/\/www.ttc-darmstadt.de\/blog\/wp-content\/uploads\/2013\/02\/IMG_1628-768x1024.jpg 768w, https:\/\/www.ttc-darmstadt.de\/blog\/wp-content\/uploads\/2013\/02\/IMG_1628.jpg 1200w\" sizes=\"auto, (max-width: 225px) 100vw, 225px\" \/><\/a><figcaption id=\"caption-attachment-1609\" class=\"wp-caption-text\">1. TTC Darmstadt III; 2013\/14. Es fehlt: Holger Flach<\/figcaption><\/figure>\n","protected":false},"excerpt":{"rendered":"<p>Durch ein \u00fcberraschend deutliches 9:3 (33:17) gegen die Wixh\u00e4user G\u00e4ste hat sich die Dritte Mannschaft des 1. TTC Darmstadt auf den zweiten Platz der 1. Kreisklasse vorgeschoben. Durch geschlossen gute [&hellip;]<\/p>\n","protected":false},"author":2,"featured_media":0,"comment_status":"closed","ping_status":"closed","sticky":false,"template":"","format":"standard","meta":{"ngg_post_thumbnail":0,"footnotes":""},"categories":[17,5],"tags":[57,58,59],"class_list":["post-1612","post","type-post","status-publish","format-standard","hentry","category-mannschaft3","category-wettkampf","tag-1-kreisklasse","tag-58","tag-tsg-wixhausen-1886-iii"],"_links":{"self":[{"href":"https:\/\/www.ttc-darmstadt.de\/blog\/wp-json\/wp\/v2\/posts\/1612","targetHints":{"allow":["GET"]}}],"collection":[{"href":"https:\/\/www.ttc-darmstadt.de\/blog\/wp-json\/wp\/v2\/posts"}],"about":[{"href":"https:\/\/www.ttc-darmstadt.de\/blog\/wp-json\/wp\/v2\/types\/post"}],"author":[{"embeddable":true,"href":"https:\/\/www.ttc-darmstadt.de\/blog\/wp-json\/wp\/v2\/users\/2"}],"replies":[{"embeddable":true,"href":"https:\/\/www.ttc-darmstadt.de\/blog\/wp-json\/wp\/v2\/comments?post=1612"}],"version-history":[{"count":3,"href":"https:\/\/www.ttc-darmstadt.de\/blog\/wp-json\/wp\/v2\/posts\/1612\/revisions"}],"predecessor-version":[{"id":1615,"href":"https:\/\/www.ttc-darmstadt.de\/blog\/wp-json\/wp\/v2\/posts\/1612\/revisions\/1615"}],"wp:attachment":[{"href":"https:\/\/www.ttc-darmstadt.de\/blog\/wp-json\/wp\/v2\/media?parent=1612"}],"wp:term":[{"taxonomy":"category","embeddable":true,"href":"https:\/\/www.ttc-darmstadt.de\/blog\/wp-json\/wp\/v2\/categories?post=1612"},{"taxonomy":"post_tag","embeddable":true,"href":"https:\/\/www.ttc-darmstadt.de\/blog\/wp-json\/wp\/v2\/tags?post=1612"}],"curies":[{"name":"wp","href":"https:\/\/api.w.org\/{rel}","templated":true}]}}