{"id":1594,"date":"2013-10-07T19:41:37","date_gmt":"2013-10-07T17:41:37","guid":{"rendered":"http:\/\/www.ttc-darmstadt.de\/?p=1594"},"modified":"2014-01-23T17:17:00","modified_gmt":"2014-01-23T15:17:00","slug":"spannender-saisonauftakt-der-2-herren","status":"publish","type":"post","link":"https:\/\/www.ttc-darmstadt.de\/blog\/spannender-saisonauftakt-der-2-herren\/","title":{"rendered":"Spannender Saisonauftakt der 2. Herren"},"content":{"rendered":"<p>Die Saison ist bereits im vollen Gange, die ersten Spiele sind schon gelaufen und nun steht die erste etwas l\u00e4ngere Spielpause f\u00fcr die 2. Herrenmannschaft an. Zeit f\u00fcr eine kleine Zwischenbilanz:<\/p>\n<p>Nach f\u00fcnf Spielen steht mit vier Siegen und einer Niederlage Tabellenplatz zwei, punktgleich mit dem Ersten, zu Buche. Nachdem wir uns zum Saisonauftakt dem letztj\u00e4hrigen Vizemeister in der Kreisliga, TV Alsbach, noch knapp mit 7:9 geschlagen geben mussten, folgten vier 9:6 Siege.<\/p>\n<p>Interessant ist, dass wir meistens dabei schon hoch zur\u00fccklagen und trotzdem noch gewinnen konnten. Die Schw\u00e4che war schnell ausgemacht: Die Doppel funktionierten nicht richtig. Also einmal umgestellt und siehe da, letzten Samstag gegen Arheilgen hat es schon viel besser mit den Doppeln geklappt. So k\u00f6nnen wir im Laufe der Saison hoffentlich Nerven sparen, und unser hinteres Paarkreuz entlasten. Nicht, dass wir denen immer zumuten m\u00fcssen, den R\u00fcckstand zu drehen, auch wenn Wolfram und J\u00fcrgen, dass bis jetzt super hinbekommen haben \ud83d\ude09<\/p>\n<p>Weiter geht\u2018s Ende Oktober.<\/p>\n","protected":false},"excerpt":{"rendered":"<p>Die Saison ist bereits im vollen Gange, die ersten Spiele sind schon gelaufen und nun steht die erste etwas l\u00e4ngere Spielpause f\u00fcr die 2. Herrenmannschaft an. Zeit f\u00fcr eine kleine [&hellip;]<\/p>\n","protected":false},"author":11,"featured_media":0,"comment_status":"closed","ping_status":"closed","sticky":false,"template":"","format":"standard","meta":{"ngg_post_thumbnail":0,"footnotes":""},"categories":[16,5],"tags":[58,63,73,10,72],"class_list":["post-1594","post","type-post","status-publish","format-standard","hentry","category-2-mannschaft","category-wettkampf","tag-58","tag-kreisliga","tag-sg-arheilgen","tag-ttc2","tag-tv-alsbach"],"_links":{"self":[{"href":"https:\/\/www.ttc-darmstadt.de\/blog\/wp-json\/wp\/v2\/posts\/1594","targetHints":{"allow":["GET"]}}],"collection":[{"href":"https:\/\/www.ttc-darmstadt.de\/blog\/wp-json\/wp\/v2\/posts"}],"about":[{"href":"https:\/\/www.ttc-darmstadt.de\/blog\/wp-json\/wp\/v2\/types\/post"}],"author":[{"embeddable":true,"href":"https:\/\/www.ttc-darmstadt.de\/blog\/wp-json\/wp\/v2\/users\/11"}],"replies":[{"embeddable":true,"href":"https:\/\/www.ttc-darmstadt.de\/blog\/wp-json\/wp\/v2\/comments?post=1594"}],"version-history":[{"count":1,"href":"https:\/\/www.ttc-darmstadt.de\/blog\/wp-json\/wp\/v2\/posts\/1594\/revisions"}],"predecessor-version":[{"id":1595,"href":"https:\/\/www.ttc-darmstadt.de\/blog\/wp-json\/wp\/v2\/posts\/1594\/revisions\/1595"}],"wp:attachment":[{"href":"https:\/\/www.ttc-darmstadt.de\/blog\/wp-json\/wp\/v2\/media?parent=1594"}],"wp:term":[{"taxonomy":"category","embeddable":true,"href":"https:\/\/www.ttc-darmstadt.de\/blog\/wp-json\/wp\/v2\/categories?post=1594"},{"taxonomy":"post_tag","embeddable":true,"href":"https:\/\/www.ttc-darmstadt.de\/blog\/wp-json\/wp\/v2\/tags?post=1594"}],"curies":[{"name":"wp","href":"https:\/\/api.w.org\/{rel}","templated":true}]}}