{"id":1391,"date":"2013-08-18T11:30:44","date_gmt":"2013-08-18T09:30:44","guid":{"rendered":"http:\/\/www.ttc-darmstadt.de\/?p=1391"},"modified":"2013-08-18T11:30:44","modified_gmt":"2013-08-18T09:30:44","slug":"ttcler-auf-tischtennis-reise-in-tschechien","status":"publish","type":"post","link":"https:\/\/www.ttc-darmstadt.de\/blog\/ttcler-auf-tischtennis-reise-in-tschechien\/","title":{"rendered":"TTC&#8217;ler auf Tischtennis-Reise in Tschechien"},"content":{"rendered":"<p>Die f\u00fcnf TTC&#8217;ler Thomas, Patrick, Lukas, Andi und Max hatten dieses Jahr ihre ganz eigene Art die (eigentlich) spielfreie Sommerpause zu \u00fcberbr\u00fccken: Es ging eine Woche ins TT-Trainingslager in das beschauliche St\u00e4dtchen Litomer\u00edce in Tschechien.<br \/>\nDie Anreise erfolgte mittels Bahn. Dummerweise hatte ein Zug so viel Versp\u00e4tung, dass wir gleich mit einem (unfreiwilligen) Konditionslehrgang begannen, indem wir mit Gep\u00e4ck etwas \u00fcber einen Kilometer zum anderen Bahnhof sprinten mussten \ud83d\ude09<br \/>\nAngekommen in Litomer\u00edce machten wir erstmals Bekanntschaft mit unseren Trainern f\u00fcr diese Woche und den \u00fcbrigen Trainingsteilnehmern. Es war eine bunt zusammengew\u00fcrfelte, nette Truppe, die im Altersdurchschnitt recht jung war. Anschlie\u00dfend wurden die Zimmer im Internat bezogen, dann gab es Abendessen und noch eine freiwillige Ortserkundung.<br \/>\nAm n\u00e4chsten Morgen hie\u00df es dann viertel vor acht: &#8222;Raus aus den Betten, fertigmachen zum Fr\u00fchsport!&#8220; Auch wenn das Aufstehen vielleicht manchen etwas schwer fiel, so machte der Sport zum fr\u00fchen Morgen doch munter, sodass wir vom Fr\u00fchst\u00fcck gest\u00e4rkt in die erste Trainingseinheit starten konnten.<\/p>\n<figure id=\"attachment_1392\" aria-describedby=\"caption-attachment-1392\" style=\"width: 639px\" class=\"wp-caption alignright\"><a href=\"http:\/\/www.ttc-darmstadt.de\/wp-content\/uploads\/2013\/08\/IMG_1591web.jpg\"><img loading=\"lazy\" decoding=\"async\" class=\"size-full wp-image-1392\" title=\"Trainingslager 2013 in Litomer\u00edce\" alt=\"IMG_1591web\" src=\"http:\/\/www.ttc-darmstadt.de\/wp-content\/uploads\/2013\/08\/IMG_1591web.jpg\" width=\"639\" height=\"425\" srcset=\"https:\/\/www.ttc-darmstadt.de\/blog\/wp-content\/uploads\/2013\/08\/IMG_1591web.jpg 639w, https:\/\/www.ttc-darmstadt.de\/blog\/wp-content\/uploads\/2013\/08\/IMG_1591web-150x99.jpg 150w, https:\/\/www.ttc-darmstadt.de\/blog\/wp-content\/uploads\/2013\/08\/IMG_1591web-300x199.jpg 300w\" sizes=\"auto, (max-width: 639px) 100vw, 639px\" \/><\/a><figcaption id=\"caption-attachment-1392\" class=\"wp-caption-text\">Max, Lukas, Andy, Patrick und Fotograf Thomas vor der R\u00fcckfahrt nach Darmstadt<\/figcaption><\/figure>\n<p>T\u00e4glich bestand das Trainingspensum aus Fr\u00fchsport und 2 Trainingseinheiten \u00e1 2 Stunden jeweils vor- und nachmittags. In der ersten Trainingseinheit ging es zuerst um Kontroll\u00fcbungen, Ballsicherheit, Grundtechniken. Alle starteten voller Schwung in die, sodass die 2 Stunden unglaublich schnell vergingen. Also ab zum Mittagessen, kurz ausruhen und dann ab zur Nachmittagseinheit. In jeder Trainingseinheit wurden die Inhalte aus der vorhergehenden wiederholt und anschlie\u00dfend neue \u00dcbungen eingef\u00fchrt. Nach den letzen gespielten B\u00e4llen am sp\u00e4ten Nachmittag\/Abend, nutzen wir unsere Freizeit vielf\u00e4ltig. Mal zum gem\u00fctlichen Beisammensein in Gastst\u00e4tten, mal zum Kartenspielen, beim Entspannen im Freibad oder (wenn wir noch nicht genug hatten) zum Sporttreiben.<br \/>\nDie folgenden Tage verliefen nach dem gleichen Rhythmus,, einzig der konditionelle Zustand \u00e4nderte sich: War man in den ersten Tagen noch voller Elan, hatten manche zwischendrin ein kleines Tief, um sich in den letzten Einheiten nochmal reinzuh\u00e4ngen. \u00dcber die tschechische K\u00fcche konnten wir uns nicht beklagen. Vielleicht nicht unbedingt immer sportlergerecht, aber daf\u00fcr sehr nahrhaft und frisch gekocht, bekamen wir jeden Tag gutes Essen aufgetischt \ud83d\ude42<br \/>\nDas Wetter war hingegen keine Konstante. Es schwankte st\u00e4ndig zwischen wolkenlosem Himmel und br\u00fctender Hitze, sowie heftigen Gewittern mit in Folge starker Abk\u00fchlung.<br \/>\nSo war die Woche am Ende relativ schnell vorr\u00fcber. Als Fazit l\u00e4sst sich sagen, dass wir insgesamt sehr viel Spa\u00df hatten, viel gelernt haben und uns so auch in TT-technischer Hinsicht verbessern konnten. Konditionell war es sicher anstrengend, aber das zahlt sich hoffentlich im Laufe der neuen Saison wieder aus \ud83d\ude09<br \/>\nMax.<\/p>\n","protected":false},"excerpt":{"rendered":"<p>Die f\u00fcnf TTC&#8217;ler Thomas, Patrick, Lukas, Andi und Max hatten dieses Jahr ihre ganz eigene Art die (eigentlich) spielfreie Sommerpause zu \u00fcberbr\u00fccken: Es ging eine Woche ins TT-Trainingslager in das [&hellip;]<\/p>\n","protected":false},"author":2,"featured_media":1392,"comment_status":"closed","ping_status":"closed","sticky":false,"template":"","format":"standard","meta":{"ngg_post_thumbnail":0,"footnotes":""},"categories":[3,6,1],"tags":[55,54],"class_list":["post-1391","post","type-post","status-publish","format-standard","has-post-thumbnail","hentry","category-nachwuchs","category-termin","category-verein","tag-litomerice","tag-trainingslager"],"_links":{"self":[{"href":"https:\/\/www.ttc-darmstadt.de\/blog\/wp-json\/wp\/v2\/posts\/1391","targetHints":{"allow":["GET"]}}],"collection":[{"href":"https:\/\/www.ttc-darmstadt.de\/blog\/wp-json\/wp\/v2\/posts"}],"about":[{"href":"https:\/\/www.ttc-darmstadt.de\/blog\/wp-json\/wp\/v2\/types\/post"}],"author":[{"embeddable":true,"href":"https:\/\/www.ttc-darmstadt.de\/blog\/wp-json\/wp\/v2\/users\/2"}],"replies":[{"embeddable":true,"href":"https:\/\/www.ttc-darmstadt.de\/blog\/wp-json\/wp\/v2\/comments?post=1391"}],"version-history":[{"count":2,"href":"https:\/\/www.ttc-darmstadt.de\/blog\/wp-json\/wp\/v2\/posts\/1391\/revisions"}],"predecessor-version":[{"id":1394,"href":"https:\/\/www.ttc-darmstadt.de\/blog\/wp-json\/wp\/v2\/posts\/1391\/revisions\/1394"}],"wp:featuredmedia":[{"embeddable":true,"href":"https:\/\/www.ttc-darmstadt.de\/blog\/wp-json\/wp\/v2\/media\/1392"}],"wp:attachment":[{"href":"https:\/\/www.ttc-darmstadt.de\/blog\/wp-json\/wp\/v2\/media?parent=1391"}],"wp:term":[{"taxonomy":"category","embeddable":true,"href":"https:\/\/www.ttc-darmstadt.de\/blog\/wp-json\/wp\/v2\/categories?post=1391"},{"taxonomy":"post_tag","embeddable":true,"href":"https:\/\/www.ttc-darmstadt.de\/blog\/wp-json\/wp\/v2\/tags?post=1391"}],"curies":[{"name":"wp","href":"https:\/\/api.w.org\/{rel}","templated":true}]}}