{"id":1139,"date":"2013-05-05T20:34:37","date_gmt":"2013-05-05T18:34:37","guid":{"rendered":"http:\/\/www.ttc-darmstadt.de\/?p=1139"},"modified":"2013-05-05T20:42:47","modified_gmt":"2013-05-05T18:42:47","slug":"ttc-ii-mannschaftsfahrt-nach-pirna","status":"publish","type":"post","link":"https:\/\/www.ttc-darmstadt.de\/blog\/ttc-ii-mannschaftsfahrt-nach-pirna\/","title":{"rendered":"TTC II: Mannschaftsfahrt nach Pirna"},"content":{"rendered":"<p>Zum Saisonabschluss ist die zweite Mannschaft des 1. TTC Darmstadt &#8211; auch ohne eine Mannschaftskasse gef\u00fchrt zu haben &#8211; vom 03.05.-05.05.2013 auf Mannschagftsfahrt in Pirna gewesen. Mit dabei: Gerhard, Berndt, Marc, Thomas, J\u00fcrgen M. und Wolfgang. Dieter wartete in Darmstadt auf Nachwuchs und Georg hatte mit der Uni zu tun.<\/p>\n<p>Auf dem Programm stand gleich am Abend der Anreise ein Freundschaftsspiel gegen eine Mannschaft des TSV Graupa, die sich aus Spielern der 1.-3. und der Damenmannschaft zusammensetzte.<br \/>\n<img decoding=\"async\" class=\"alignnone size-full wp-image-1140\" title=\"Graupaweb\" src=\"http:\/\/www.ttc-darmstadt.de\/wp-content\/uploads\/2013\/05\/Graupaweb.jpg\" alt=\"\" \/><br \/>\nDer TTC konnte regul\u00e4r 9:3 gewinnen. Nach dem Ausspielen aller Spiele stand es 11:5 (40:25) f\u00fcr die G\u00e4ste. Schon w\u00e4hrend des Spiels wurde unser Hunger durch Gegrilltes und Salate gestillt. Die Nachwuchstalente Peter Kienast und Florian Kaulfu\u00df schnappten sich die Darmst\u00e4dter parallel dazu auch f\u00fcr ein Trainingsspielchen.<br \/>\nNach dem Thomas &#8211; voller \u00dcberschwang \u00fcber wiedergefundene Technik und Spielfreude &#8211; auch noch Wolle zum TT-Duell herausgefordert hatte, lie\u00dfen wir den Abend in Pirnas englischem Pub ausklingen. Wir freuten uns \u00fcber die h\u00fcbsche Bedienung, Erdnussschalen, die wir einfach auf den Boden schmissen, Wolles &#8222;Bauchladen&#8220; und dar\u00fcber, dass in Darmstadt die Kneipen rauchfrei sind :). Unsere Gastgeber konnten uns leider nicht begleiten. Wir hoffen \u00e4hnliches beim Gegenbesuch nachholen zu k\u00f6nnen!?!!<\/p>\n<p>Am 2. Tag stand nach dem Aussschlafen und einem ausgiebigen Fr\u00fchst\u00fcck die Stadtf\u00fchrung in Pirna an. Entgegen der Behauptung &#8222;b\u00f6ser Zungen&#8220; war diese nach der Besichtigung von Rathaus und Kirche noch nicht beendet, sodass auf das Mittagessen am &#8222;Stamm-Tisch&#8220; nicht warten mussten.<br \/>\n<img decoding=\"async\" class=\"alignnone size-full wp-image-1141\" title=\"Essenweb\" src=\"http:\/\/www.ttc-darmstadt.de\/wp-content\/uploads\/2013\/05\/Essenweb.jpg\" alt=\"\" \/><\/p>\n<p>Danach fuhren wir auf der Elbe mit dem Schaufelraddampfer zum Stadtbummel nach Dresden. Nach der S-Bahnfahrt erreichten wir p\u00fcnktlich zum Abendessen wieder Pirna. Dabei erlebten wir Berndts unglaubliche Selbstheilungskr\u00e4fte&#8230; Bis zur totalen Erm\u00fcdung kosteten wir im Anschluss weitere Biersorten in Pirnas alternativer Kneipe &#8222;Geheimrad&#8220;. Hier trafen wir Sven, einen der Grauparer TT-Spieler &#8211; und bekr\u00e4ftigen die ausgesprochene Einladung nach Darmstadt.<\/p>\n<p><img decoding=\"async\" class=\"alignnone size-full wp-image-1146\" title=\"wolleTT\" src=\"http:\/\/www.ttc-darmstadt.de\/wp-content\/uploads\/2013\/05\/wolleTT.jpg\" alt=\"\" \/><\/p>\n<p><img decoding=\"async\" class=\"alignnone size-full wp-image-1145\" title=\"svenmarcweb\" src=\"http:\/\/www.ttc-darmstadt.de\/wp-content\/uploads\/2013\/05\/svenmarcweb.jpg\" alt=\"\" \/><\/p>\n<p><img decoding=\"async\" class=\"alignnone size-full wp-image-1144\" title=\"Doppelweb\" src=\"http:\/\/www.ttc-darmstadt.de\/wp-content\/uploads\/2013\/05\/Doppelweb.jpg\" alt=\"\" \/><\/p>\n<p><img decoding=\"async\" class=\"alignnone size-full wp-image-1143\" title=\"Corneliaweb\" src=\"http:\/\/www.ttc-darmstadt.de\/wp-content\/uploads\/2013\/05\/Corneliaweb.jpg\" alt=\"\" \/><\/p>\n<p><img decoding=\"async\" class=\"alignnone size-full wp-image-1147\" title=\"Spielendeweb\" src=\"http:\/\/www.ttc-darmstadt.de\/wp-content\/uploads\/2013\/05\/Spielendeweb.jpg\" alt=\"\" \/><\/p>\n<p><img decoding=\"async\" class=\"alignnone size-full wp-image-1142\" title=\"altergerhardweb\" src=\"http:\/\/www.ttc-darmstadt.de\/wp-content\/uploads\/2013\/05\/altergerhardweb.jpg\" alt=\"\" \/><\/p>\n<p><img decoding=\"async\" class=\"alignnone size-full wp-image-1152\" title=\"Bankweb\" src=\"http:\/\/www.ttc-darmstadt.de\/wp-content\/uploads\/2013\/05\/Bankweb.jpg\" alt=\"\" \/><\/p>\n<p><img decoding=\"async\" class=\"alignnone size-full wp-image-1151\" title=\"Gerhardweb\" src=\"http:\/\/www.ttc-darmstadt.de\/wp-content\/uploads\/2013\/05\/Gerhardweb.jpg\" alt=\"\" \/><\/p>\n","protected":false},"excerpt":{"rendered":"<p>Zum Saisonabschluss ist die zweite Mannschaft des 1. TTC Darmstadt &#8211; auch ohne eine Mannschaftskasse gef\u00fchrt zu haben &#8211; vom 03.05.-05.05.2013 auf Mannschagftsfahrt in Pirna gewesen. Mit dabei: Gerhard, Berndt, [&hellip;]<\/p>\n","protected":false},"author":2,"featured_media":0,"comment_status":"closed","ping_status":"closed","sticky":false,"template":"","format":"standard","meta":{"ngg_post_thumbnail":0,"footnotes":""},"categories":[16,5],"tags":[49,48,46,47,10],"class_list":["post-1139","post","type-post","status-publish","format-standard","hentry","category-2-mannschaft","category-wettkampf","tag-freundschaftsspiel","tag-graupa","tag-mannschaftsfahrt","tag-pirna","tag-ttc2"],"_links":{"self":[{"href":"https:\/\/www.ttc-darmstadt.de\/blog\/wp-json\/wp\/v2\/posts\/1139","targetHints":{"allow":["GET"]}}],"collection":[{"href":"https:\/\/www.ttc-darmstadt.de\/blog\/wp-json\/wp\/v2\/posts"}],"about":[{"href":"https:\/\/www.ttc-darmstadt.de\/blog\/wp-json\/wp\/v2\/types\/post"}],"author":[{"embeddable":true,"href":"https:\/\/www.ttc-darmstadt.de\/blog\/wp-json\/wp\/v2\/users\/2"}],"replies":[{"embeddable":true,"href":"https:\/\/www.ttc-darmstadt.de\/blog\/wp-json\/wp\/v2\/comments?post=1139"}],"version-history":[{"count":4,"href":"https:\/\/www.ttc-darmstadt.de\/blog\/wp-json\/wp\/v2\/posts\/1139\/revisions"}],"predecessor-version":[{"id":1153,"href":"https:\/\/www.ttc-darmstadt.de\/blog\/wp-json\/wp\/v2\/posts\/1139\/revisions\/1153"}],"wp:attachment":[{"href":"https:\/\/www.ttc-darmstadt.de\/blog\/wp-json\/wp\/v2\/media?parent=1139"}],"wp:term":[{"taxonomy":"category","embeddable":true,"href":"https:\/\/www.ttc-darmstadt.de\/blog\/wp-json\/wp\/v2\/categories?post=1139"},{"taxonomy":"post_tag","embeddable":true,"href":"https:\/\/www.ttc-darmstadt.de\/blog\/wp-json\/wp\/v2\/tags?post=1139"}],"curies":[{"name":"wp","href":"https:\/\/api.w.org\/{rel}","templated":true}]}}